{"id":41365,"date":"2017-08-03T11:32:25","date_gmt":"2017-08-03T16:32:25","guid":{"rendered":"https:\/\/radiowebmx.com\/nota\/?p=41365"},"modified":"2017-08-03T11:32:25","modified_gmt":"2017-08-03T16:32:25","slug":"modernizacion-de-alumbrado-publico-no-es-privatizacion-aclara-antonio-plaza-a-diputado","status":"publish","type":"post","link":"https:\/\/radiowebmx.com\/nota\/modernizacion-de-alumbrado-publico-no-es-privatizacion-aclara-antonio-plaza-a-diputado\/","title":{"rendered":"Modernizaci\u00f3n de Alumbrado P\u00fablico no es privatizaci\u00f3n, aclara Antonio Plaza a diputado"},"content":{"rendered":"<p>*El funcionario municipal pidi\u00f3 al Legislador mayor sensibilidad en el tema y dejar de lado posturas pol\u00edticas.<\/p>\n<p><a href=\"https:\/\/radiowebmx.com\/nota\/wp-content\/uploads\/2017\/08\/e664f568-74c9-454c-a278-07cbcb623bb4.jpg\"><img loading=\"lazy\" decoding=\"async\" class=\"alignnone  wp-image-41366\" src=\"https:\/\/radiowebmx.com\/nota\/wp-content\/uploads\/2017\/08\/e664f568-74c9-454c-a278-07cbcb623bb4-595x893.jpg\" alt=\"\" width=\"400\" height=\"600\" srcset=\"https:\/\/radiowebmx.com\/nota\/wp-content\/uploads\/2017\/08\/e664f568-74c9-454c-a278-07cbcb623bb4-595x893.jpg 595w, https:\/\/radiowebmx.com\/nota\/wp-content\/uploads\/2017\/08\/e664f568-74c9-454c-a278-07cbcb623bb4-768x1152.jpg 768w, https:\/\/radiowebmx.com\/nota\/wp-content\/uploads\/2017\/08\/e664f568-74c9-454c-a278-07cbcb623bb4.jpg 853w\" sizes=\"auto, (max-width: 400px) 100vw, 400px\" \/><\/a><\/p>\n<p>El proyecto de modernizaci\u00f3n del alumbrado p\u00fablico de Morelia obedece a una necesidad apremiante de contar con un servicio de calidad, que mejore la convivencia en los espacios p\u00fablicos, otorgando condiciones propicias para que cada moreliano pueda realizar sus actividades con seguridad, por ello, en una muestra de congruencia con el estado que guardan las finanzas municipales y la intenci\u00f3n de no generar un endeudamiento para la Administraci\u00f3n, se pretende implementar este proyecto bajo el esquema de Asociaciones P\u00fablicas y Privadas, destinando el mismo presupuesto de 14 millones de pesos que actualmente se usa para este rubro, cantidad que incluso podr\u00eda ser menor.<\/p>\n<p>En este sentido, el Secretario de Efectividad e Innovaci\u00f3n Gubernamental, Antonio Plaza Urbina, sostuvo que la capacidad de la Administraci\u00f3n para atender en su totalidad la demanda de este servicio y resolver cada uno de los reportes que diariamente se presentan, sobrepasa los recursos con los que actualmente se cuentan en virtud que del deterioro que presentan las herramientas de trabajo y la falta de liquidez para contratar m\u00e1s personal.<\/p>\n<p>Respondi\u00f3 que las declaraciones del Diputado, Daniel Moncada S\u00e1nchez, obedecen a una postura superficial del tema, ya que en ning\u00fan momento el Ayuntamiento pretende privatizar el sistema de alumbrado p\u00fablico, tal y como afirma el legislador al tratar de confundir a la ciudadan\u00eda.<\/p>\n<p>Plaza Urbina, invit\u00f3 al diputado a revisar el proyecto y sumarse desde el Congreso del Estado para otorgar alternativas que resuelvan esta necesidad de los morelianos en su calidad de gestor del presupuesto, m\u00e1s all\u00e1 de las posturas pol\u00edticas y declaraciones sin fundamento.<\/p>\n<p>A la par, indic\u00f3 que la renuencia tambi\u00e9n del dirigente partidista, Alfredo Ram\u00edrez Bedolla de apoyar el proyecto de modernizaci\u00f3n, no abona a la construcci\u00f3n de un mejor municipio, ya que lejos de contribuir en la atenci\u00f3n de las necesidades de los morelianos, cancela cualquier opci\u00f3n de progreso por una negativa de facto.<\/p>\n<p>El funcionario municipal pidi\u00f3 a ambas fuerzas pol\u00edticas a ver por las necesidades de la ciudadan\u00eda, m\u00e1s all\u00e1 de los intereses personales ya que el bienestar de la poblaci\u00f3n no debe estar condicionado por c\u00e1lculos pol\u00edticos.<\/p>\n<p>Record\u00f3 que actualmente la Administraci\u00f3n destina cerca de 14 millones de pesos mensuales por el pago del servicio de alumbrado p\u00fablico, no obstante, 23 mil de las 67 mil luminarias que hay en Morelia, no funcionan de manera correcta.<\/p>\n<p>Subray\u00f3 que adem\u00e1s de sustituir las luminarias, se pretende colocar un sistema moderno y ahorrador, que de una cobertura total a la ciudad tomando en cuenta los principios de sustentabilidad, como ya ocurre en varias ciudades de M\u00e9xico.<\/p>\n","protected":false},"excerpt":{"rendered":"<p>*El funcionario municipal pidi\u00f3 al Legislador mayor sensibilidad en el tema y dejar de lado posturas pol\u00edticas. El proyecto de modernizaci\u00f3n del alumbrado p\u00fablico de Morelia obedece a una necesidad apremiante de contar con un servicio de calidad, que mejore la convivencia en los espacios p\u00fablicos, otorgando condiciones propicias para que cada moreliano pueda realizar [&hellip;]<\/p>\n","protected":false},"author":2,"featured_media":41366,"comment_status":"closed","ping_status":"closed","sticky":false,"template":"","format":"standard","meta":{"footnotes":""},"categories":[14,9],"tags":[],"class_list":["post-41365","post","type-post","status-publish","format-standard","has-post-thumbnail","hentry","category-destacadas","category-morelia"],"_links":{"self":[{"href":"https:\/\/radiowebmx.com\/nota\/wp-json\/wp\/v2\/posts\/41365","targetHints":{"allow":["GET"]}}],"collection":[{"href":"https:\/\/radiowebmx.com\/nota\/wp-json\/wp\/v2\/posts"}],"about":[{"href":"https:\/\/radiowebmx.com\/nota\/wp-json\/wp\/v2\/types\/post"}],"author":[{"embeddable":true,"href":"https:\/\/radiowebmx.com\/nota\/wp-json\/wp\/v2\/users\/2"}],"replies":[{"embeddable":true,"href":"https:\/\/radiowebmx.com\/nota\/wp-json\/wp\/v2\/comments?post=41365"}],"version-history":[{"count":1,"href":"https:\/\/radiowebmx.com\/nota\/wp-json\/wp\/v2\/posts\/41365\/revisions"}],"predecessor-version":[{"id":41367,"href":"https:\/\/radiowebmx.com\/nota\/wp-json\/wp\/v2\/posts\/41365\/revisions\/41367"}],"wp:featuredmedia":[{"embeddable":true,"href":"https:\/\/radiowebmx.com\/nota\/wp-json\/wp\/v2\/media\/41366"}],"wp:attachment":[{"href":"https:\/\/radiowebmx.com\/nota\/wp-json\/wp\/v2\/media?parent=41365"}],"wp:term":[{"taxonomy":"category","embeddable":true,"href":"https:\/\/radiowebmx.com\/nota\/wp-json\/wp\/v2\/categories?post=41365"},{"taxonomy":"post_tag","embeddable":true,"href":"https:\/\/radiowebmx.com\/nota\/wp-json\/wp\/v2\/tags?post=41365"}],"curies":[{"name":"wp","href":"https:\/\/api.w.org\/{rel}","templated":true}]}}