{"id":4136,"date":"2013-10-16T10:47:12","date_gmt":"2013-10-16T15:47:12","guid":{"rendered":"https:\/\/radiowebmx.com\/nota\/?p=4136"},"modified":"2013-11-06T12:35:25","modified_gmt":"2013-11-06T18:35:25","slug":"con-sus-voces-en-alto-ninos-michoacanos-se-pronuncian-contra-la-violencia","status":"publish","type":"post","link":"https:\/\/radiowebmx.com\/nota\/con-sus-voces-en-alto-ninos-michoacanos-se-pronuncian-contra-la-violencia\/","title":{"rendered":"CON SUS VOCES EN ALTO, NI\u00d1OS MICHOACANOS SE PRONUNCIAN CONTRA LA VIOLENCIA"},"content":{"rendered":"<p><a href=\"https:\/\/radiowebmx.com\/nota\/wp-content\/uploads\/2013\/10\/DSC_7119.jpg\"><img loading=\"lazy\" decoding=\"async\" class=\"alignleft size-full wp-image-4137\" alt=\"DSC_7119\" src=\"https:\/\/radiowebmx.com\/nota\/wp-content\/uploads\/2013\/10\/DSC_7119.jpg\" width=\"591\" height=\"301\" \/><\/a>Son poco m\u00e1s de 800, viven en diversas colonias, unos en casas de madera y cart\u00f3n y otros m\u00e1s en peque\u00f1os hogares de cemento; luego de hacer los deberes de la escuela, pasan las tardes elevando sus voces a lo m\u00e1s alto con un solo prop\u00f3sito: hacer llegar a todos los morelianos y michoacanos un mensaje de paz.<\/p>\n<p>Son los ni\u00f1os del Coro Monumental de Voces Juveniles y de la Orquesta de Guitarras del municipio de Morelia, que acompa\u00f1ados de sus padres y hermanos, este lunes ofrecieron un concierto muestra al gobernador Jes\u00fas Reyna Garc\u00eda y al subsecretario de Prevenci\u00f3n del Delito de la SEGOB federal, Roberto Campa Cifri\u00e1n, para decirles que sin importar su corta edad, ellos forman parte del Programa Nacional de Prevenci\u00f3n del Delito, porque desean vivir en un estado de mayor tranquilidad, donde puedan crecer en plenitud y con mejores oportunidades.<\/p>\n<p>Con melod\u00edas tan contrastantes como sus rostros, desde \u201cCasas de cart\u00f3n\u201d, \u201cDios nunca muere\u201d, hasta \u201cRosas en el mar\u201d y \u201cColor esperanza\u201d, que llevaron al p\u00fablico presente de la melancol\u00eda hasta la alegr\u00eda, los peque\u00f1ines pusieron de manifiesto su decidida participaci\u00f3n en el programa que el ayuntamiento de Morelia emprende para la recuperaci\u00f3n del tejido social y como parte de la estrategia nacional para disminuir la violencia.<\/p>\n<p>El grado de j\u00fabilo que flotaba en el ambiente, envolvi\u00f3 a los funcionarios presentes, quienes en varios temas cantaron e hicieron coro a las canciones de \u00e9ste sorprendente espect\u00e1culo, cuyo repertorio adem\u00e1s consider\u00f3 temas de corte tradicional como: \u201cJuan Colorado\u201d, \u201cCielito Lindo\u201d y \u201cViva M\u00e9xico\u201d, donde tanto el gobernador Jes\u00fas Reyna, como el subsecretario Campa Cifri\u00e1n y el edil moreliano Wilfrido L\u00e1zaro, fueron invitados por los ni\u00f1os a formar parte del Coro, dando rienda suelta a sus dotes de int\u00e9rpretes de m\u00fasica mexicana, arrancando los aplausos de todos los que convergieron en este caleidoscopio de voces y sonidos perfectamente armonizados.<\/p>\n<p>En medio de la celebraci\u00f3n, el mandatario estatal se dijo complacido por tan grata sorpresa, al tiempo de que felicit\u00f3 que a tan corta edad, estos peque\u00f1os michoacanos den muestra palpable de que el \u00e1nimo de quienes habitan esta entidad est\u00e1 siempre latente, animando a todos los sectores a unir esfuerzos para consolidar a Michoac\u00e1n un estado grande y fuerte.<\/p>\n<p>Reyna Garc\u00eda afirm\u00f3 que esta propuesta del coro y orquesta juvenil e infantil, debe replicarse en todas las regiones de la entidad, puesto que al llevar con su cantar un mensaje de paz y alegr\u00eda, los infantes coadyuvan tambi\u00e9n en dar estabilidad a sus familias y comunidades.<\/p>\n<p>As\u00ed, al concluir el repertorio, los peque\u00f1ines, formados en dos filas, saludaron a las autoridades dando con ello muestra de su esp\u00edritu de compromiso, solidaridad y para solicitar que este programa permanezca en toda la administraci\u00f3n federal del presidente de la Rep\u00fablica, Enrique Pe\u00f1a Nieto.<\/p>\n<p>En cada ni\u00f1o se observ\u00f3 una luz de participaci\u00f3n y suma de esfuerzos; y al estrechar la mano de los funcionarios, refrendaron su compromiso de ser mensajeros contra la violencia, pero tambi\u00e9n, se pronunciaron porque este tipo de programas, que llegan al n\u00facleo de la sociedad, no finalicen.<\/p>\n","protected":false},"excerpt":{"rendered":"<p>Son poco m\u00e1s de 800, viven en diversas colonias, unos en casas de madera y cart\u00f3n y otros m\u00e1s en peque\u00f1os hogares de cemento; luego de hacer los deberes de la escuela, pasan las tardes elevando sus voces a lo m\u00e1s alto con un solo prop\u00f3sito<\/p>\n","protected":false},"author":1,"featured_media":0,"comment_status":"open","ping_status":"open","sticky":false,"template":"","format":"standard","meta":{"footnotes":""},"categories":[14,3],"tags":[],"class_list":["post-4136","post","type-post","status-publish","format-standard","hentry","category-destacadas","category-gobierno-del-estado-de-michoacan"],"_links":{"self":[{"href":"https:\/\/radiowebmx.com\/nota\/wp-json\/wp\/v2\/posts\/4136","targetHints":{"allow":["GET"]}}],"collection":[{"href":"https:\/\/radiowebmx.com\/nota\/wp-json\/wp\/v2\/posts"}],"about":[{"href":"https:\/\/radiowebmx.com\/nota\/wp-json\/wp\/v2\/types\/post"}],"author":[{"embeddable":true,"href":"https:\/\/radiowebmx.com\/nota\/wp-json\/wp\/v2\/users\/1"}],"replies":[{"embeddable":true,"href":"https:\/\/radiowebmx.com\/nota\/wp-json\/wp\/v2\/comments?post=4136"}],"version-history":[{"count":3,"href":"https:\/\/radiowebmx.com\/nota\/wp-json\/wp\/v2\/posts\/4136\/revisions"}],"predecessor-version":[{"id":4445,"href":"https:\/\/radiowebmx.com\/nota\/wp-json\/wp\/v2\/posts\/4136\/revisions\/4445"}],"wp:attachment":[{"href":"https:\/\/radiowebmx.com\/nota\/wp-json\/wp\/v2\/media?parent=4136"}],"wp:term":[{"taxonomy":"category","embeddable":true,"href":"https:\/\/radiowebmx.com\/nota\/wp-json\/wp\/v2\/categories?post=4136"},{"taxonomy":"post_tag","embeddable":true,"href":"https:\/\/radiowebmx.com\/nota\/wp-json\/wp\/v2\/tags?post=4136"}],"curies":[{"name":"wp","href":"https:\/\/api.w.org\/{rel}","templated":true}]}}