{"id":41346,"date":"2017-08-03T11:20:50","date_gmt":"2017-08-03T16:20:50","guid":{"rendered":"https:\/\/radiowebmx.com\/nota\/?p=41346"},"modified":"2017-08-03T11:22:38","modified_gmt":"2017-08-03T16:22:38","slug":"prepara-ijum-una-amplia-oferta-de-actividades-en-el-marco-del-agosto-joven","status":"publish","type":"post","link":"https:\/\/radiowebmx.com\/nota\/prepara-ijum-una-amplia-oferta-de-actividades-en-el-marco-del-agosto-joven\/","title":{"rendered":"Prepara IJUM una amplia oferta de actividades en el marco del \u201cAgosto Joven\u201d"},"content":{"rendered":"<ul>\n<li>Alrededor de 15 eventos especiales y actividades deportivas ofrecer\u00e1 la dependencia municipal en el marco del D\u00eda Internacional de la Juventud.<\/li>\n<\/ul>\n<p>&nbsp;<\/p>\n<ul>\n<li>Las actividades se llevar\u00e1n a cabo del 12 al 26 de agosto.<\/li>\n<\/ul>\n<p>&nbsp;<\/p>\n<p><a href=\"https:\/\/radiowebmx.com\/nota\/wp-content\/uploads\/2017\/08\/1ffdafbe-259e-4fdc-8685-f7ca6537e96d.jpeg\"><img loading=\"lazy\" decoding=\"async\" class=\"alignnone wp-image-41347\" src=\"https:\/\/radiowebmx.com\/nota\/wp-content\/uploads\/2017\/08\/1ffdafbe-259e-4fdc-8685-f7ca6537e96d-595x397.jpeg\" alt=\"\" width=\"399\" height=\"266\" srcset=\"https:\/\/radiowebmx.com\/nota\/wp-content\/uploads\/2017\/08\/1ffdafbe-259e-4fdc-8685-f7ca6537e96d-595x397.jpeg 595w, https:\/\/radiowebmx.com\/nota\/wp-content\/uploads\/2017\/08\/1ffdafbe-259e-4fdc-8685-f7ca6537e96d-768x512.jpeg 768w, https:\/\/radiowebmx.com\/nota\/wp-content\/uploads\/2017\/08\/1ffdafbe-259e-4fdc-8685-f7ca6537e96d-960x640.jpeg 960w, https:\/\/radiowebmx.com\/nota\/wp-content\/uploads\/2017\/08\/1ffdafbe-259e-4fdc-8685-f7ca6537e96d-272x182.jpeg 272w, https:\/\/radiowebmx.com\/nota\/wp-content\/uploads\/2017\/08\/1ffdafbe-259e-4fdc-8685-f7ca6537e96d.jpeg 1280w\" sizes=\"auto, (max-width: 399px) 100vw, 399px\" \/><\/a><\/p>\n<p>Actividades deportivas, educativas y de salud, son solo algunos de los temas que contempla la amplia oferta de eventos que tiene preparados para la ciudadan\u00eda el Instituto de la Juventud Moreliana (IJUM), en el marco del D\u00eda Internacional de la Juventud que se celebrar\u00e1 d\u00eda 12 del presente mes, y al que la dependencia municipal le ha preparado todo un programa denominado \u201cAgosto Joven\u201d.<\/p>\n<p>El Encargado de Despacho del IJUM, Juan Pablo Motilla Zarur, dijo que esta oferta corresponde a una necesidad de su dependencia de celebrar la expresi\u00f3n juvenil en Morelia, raz\u00f3n por la cual se celebrar\u00e1 a este sector de la poblaci\u00f3n con actividades que se llevar\u00e1n a cabo del 12 al 26 de agosto, con temas de inter\u00e9s juvenil.<\/p>\n<p>Dijo que las actividades arrancar\u00e1n el s\u00e1bado 12 de agosto a las 8:00 horas con la ruta de ciclismo \u201cUn kilo de juventud\u201d, organizada en conjunto con el Instituto de la Juventud Michoacana, y para la cual la \u00fanica petici\u00f3n para los participantes es aportar un kilo de ayuda de alg\u00fan producto de la canasta b\u00e1sica, mismo que ser\u00e1 donado posteriormente a la ciudadan\u00eda en estado de vulnerabilidad.<\/p>\n<p>Tambi\u00e9n en conjunto con su hom\u00f3logo estatal, el IJUM organizar\u00e1 para el d\u00eda domingo 13 de agosto la carrera atl\u00e9tica de 5 kil\u00f3metros \u201cColor\u00e9ate Juventud\u201d, misma que iniciar\u00e1 en punto de las 8:00 horas en las instalaciones del IJUMICH.<\/p>\n<p><a href=\"https:\/\/radiowebmx.com\/nota\/wp-content\/uploads\/2017\/08\/87328ad4-d557-4b69-8485-e6d4cb602974.jpeg\"><img loading=\"lazy\" decoding=\"async\" class=\"alignnone wp-image-41348\" src=\"https:\/\/radiowebmx.com\/nota\/wp-content\/uploads\/2017\/08\/87328ad4-d557-4b69-8485-e6d4cb602974-595x397.jpeg\" alt=\"\" width=\"400\" height=\"267\" srcset=\"https:\/\/radiowebmx.com\/nota\/wp-content\/uploads\/2017\/08\/87328ad4-d557-4b69-8485-e6d4cb602974-595x397.jpeg 595w, https:\/\/radiowebmx.com\/nota\/wp-content\/uploads\/2017\/08\/87328ad4-d557-4b69-8485-e6d4cb602974-768x512.jpeg 768w, https:\/\/radiowebmx.com\/nota\/wp-content\/uploads\/2017\/08\/87328ad4-d557-4b69-8485-e6d4cb602974-960x640.jpeg 960w, https:\/\/radiowebmx.com\/nota\/wp-content\/uploads\/2017\/08\/87328ad4-d557-4b69-8485-e6d4cb602974-272x182.jpeg 272w, https:\/\/radiowebmx.com\/nota\/wp-content\/uploads\/2017\/08\/87328ad4-d557-4b69-8485-e6d4cb602974.jpeg 1280w\" sizes=\"auto, (max-width: 400px) 100vw, 400px\" \/><\/a><\/p>\n<p>En tanto, el lunes 14 de agosto arrancar\u00e1 un evento de suma importancia para la dependencia ya que se llevar\u00e1 a cabo el \u201cSegundo Cabildo Juvenil de Morelia\u201d, herramienta de participaci\u00f3n ciudadana, donde se han elegido 12 Regidores, 1 Secretario, 1 S\u00edndico y 1 Presidente, cuyos nombres ser\u00e1n dados a conocer este jueves 3 de agosto, y que resultaron elegidos entre m\u00e1s de 100 j\u00f3venes, por tratarse de las mejores propuestas emitidas para mejorar las pol\u00edticas p\u00fablicas implementadas en la ciudad.<\/p>\n<p>En este tenor, Juan Pablo Motilla dijo que los elegidos para integrar el Cabildo Juvenil tendr\u00e1n la oportunidad de convivir y colaborar con sus hom\u00f3logos en el Honorable Cabildo de Morelia, en actividades que se llevar\u00e1n a cabo hasta el mi\u00e9rcoles 16 de agosto.<\/p>\n<p>Fomentar la pr\u00e1ctica cultural es uno de los principales objetivos del IJUM por lo cual el jueves 17 ver\u00e1 luz el evento \u201c2 mil Libros por la Juventud\u201d, colecta que se realizar\u00e1 en la Plaza Valladolid en punto de las 10 horas en conjunto con organizaciones de la sociedad civil, para posteriormente realizar donaciones de libros y bibliotecas en comunidades y Tenencias como Atapaneo, Santiago Undameo, San Nicol\u00e1s Obispo y m\u00e1s.<\/p>\n<p>El lunes 21 de agosto se firmar\u00e1 un convenio de colaboraci\u00f3n denominado \u201cJ\u00f3venes por el empleo con COPARMEX\u201d, que supone el tercer convenio por el fomento al empleo que firma la dependencia este a\u00f1o.<\/p>\n<p>El d\u00eda martes 22 se tendr\u00e1n mesas de trabajo para la planeaci\u00f3n participativa y diagn\u00f3stico de juventud, con l\u00edderes de asociaciones civiles, mismo que se llevar\u00e1 a cabo en el Archivo Hist\u00f3rico Municipal en punto de las 10:00 horas y la Toma de Protesta del Consejo Juvenil Municipal en la sala de cabildo a las 11:00 horas.<\/p>\n<p>Luego de la Expo Talento Joven en la Plaza Benito Ju\u00e1rez, interesante feria de prototipos de diversas universidades que tendr\u00e1 lugar el mi\u00e9rcoles 23 de este mes, el 24 de agosto el Presidente Municipal de Morelia, Alfonso Mart\u00ednez Alc\u00e1zar, sostendr\u00e1 un dialogo con j\u00f3venes, organizado por el Centro de Estudios y Formaci\u00f3n Pol\u00edtica, que se realizar\u00e1 a las 19:00 horas en el sal\u00f3n orqu\u00eddea de CECONEXPO.<\/p>\n<p>El tema de la salud resulta preponderante en las actividades preparadas para los j\u00f3venes, por lo cual el IJUM ofrece el jueves 24 de agosto la Feria de la Salud, que se llevar\u00e1 a cabo desde las 09:00 horas en las instalaciones de la dependencia, y la Campa\u00f1a de Donaci\u00f3n de Sangre, el 25 de agosto en el Centro Estatal de Transfusi\u00f3n Sangu\u00ednea, que tiene como objetivo concientizar a los j\u00f3venes acerca de la importancia de la donaci\u00f3n para conjuntar todo un banco de sangre, listo para corresponder a las necesidades de la ciudadan\u00eda.<\/p>\n<div>\n<p><a href=\"https:\/\/radiowebmx.com\/nota\/wp-content\/uploads\/2017\/08\/9bde2415-7977-468e-bbb7-9ad5f439fea7.jpeg\"><img loading=\"lazy\" decoding=\"async\" class=\"alignnone wp-image-41349\" src=\"https:\/\/radiowebmx.com\/nota\/wp-content\/uploads\/2017\/08\/9bde2415-7977-468e-bbb7-9ad5f439fea7-595x397.jpeg\" alt=\"\" width=\"399\" height=\"266\" srcset=\"https:\/\/radiowebmx.com\/nota\/wp-content\/uploads\/2017\/08\/9bde2415-7977-468e-bbb7-9ad5f439fea7-595x397.jpeg 595w, https:\/\/radiowebmx.com\/nota\/wp-content\/uploads\/2017\/08\/9bde2415-7977-468e-bbb7-9ad5f439fea7-768x512.jpeg 768w, https:\/\/radiowebmx.com\/nota\/wp-content\/uploads\/2017\/08\/9bde2415-7977-468e-bbb7-9ad5f439fea7-960x640.jpeg 960w, https:\/\/radiowebmx.com\/nota\/wp-content\/uploads\/2017\/08\/9bde2415-7977-468e-bbb7-9ad5f439fea7-272x182.jpeg 272w, https:\/\/radiowebmx.com\/nota\/wp-content\/uploads\/2017\/08\/9bde2415-7977-468e-bbb7-9ad5f439fea7.jpeg 1280w\" sizes=\"auto, (max-width: 399px) 100vw, 399px\" \/><\/a><\/p>\n<p>Las actividades del \u201cAgosto Joven\u201d concluir\u00e1n el s\u00e1bado 26 con la inauguraci\u00f3n del curso \u201cIngl\u00e9s Para Todos\u201d, a las 10:00 horas en el Auditorio Dr. Samuel Ramos y cerrar\u00e1n con broche de oro con un Festival de M\u00fasica y Baile Juvenil en la avenida Madero, frente a la Catedral de Morelia a las 17:00 horas, en un evento que tendr\u00e1 su culminaci\u00f3n con el encendido de la misma.<\/p>\n<p>Con la promoci\u00f3n de la Salud, el Deporte, el Arte, la Cultura y la participaci\u00f3n juvenil en el quehacer pol\u00edtico, el IJUM da cuenta de su inter\u00e9s por reforzar en este sector social los temas que abonen a su desarrollo f\u00edsico y mental, que derive en la creaci\u00f3n de una mejor ciudad.<\/p>\n<\/div>\n","protected":false},"excerpt":{"rendered":"<p>Alrededor de 15 eventos especiales y actividades deportivas ofrecer\u00e1 la dependencia municipal en el marco del D\u00eda Internacional de la Juventud. &nbsp; Las actividades se llevar\u00e1n a cabo del 12 al 26 de agosto. &nbsp; Actividades deportivas, educativas y de salud, son solo algunos de los temas que contempla la amplia oferta de eventos que [&hellip;]<\/p>\n","protected":false},"author":2,"featured_media":41348,"comment_status":"closed","ping_status":"closed","sticky":false,"template":"","format":"standard","meta":{"footnotes":""},"categories":[14,9],"tags":[],"class_list":["post-41346","post","type-post","status-publish","format-standard","has-post-thumbnail","hentry","category-destacadas","category-morelia"],"_links":{"self":[{"href":"https:\/\/radiowebmx.com\/nota\/wp-json\/wp\/v2\/posts\/41346","targetHints":{"allow":["GET"]}}],"collection":[{"href":"https:\/\/radiowebmx.com\/nota\/wp-json\/wp\/v2\/posts"}],"about":[{"href":"https:\/\/radiowebmx.com\/nota\/wp-json\/wp\/v2\/types\/post"}],"author":[{"embeddable":true,"href":"https:\/\/radiowebmx.com\/nota\/wp-json\/wp\/v2\/users\/2"}],"replies":[{"embeddable":true,"href":"https:\/\/radiowebmx.com\/nota\/wp-json\/wp\/v2\/comments?post=41346"}],"version-history":[{"count":4,"href":"https:\/\/radiowebmx.com\/nota\/wp-json\/wp\/v2\/posts\/41346\/revisions"}],"predecessor-version":[{"id":41353,"href":"https:\/\/radiowebmx.com\/nota\/wp-json\/wp\/v2\/posts\/41346\/revisions\/41353"}],"wp:featuredmedia":[{"embeddable":true,"href":"https:\/\/radiowebmx.com\/nota\/wp-json\/wp\/v2\/media\/41348"}],"wp:attachment":[{"href":"https:\/\/radiowebmx.com\/nota\/wp-json\/wp\/v2\/media?parent=41346"}],"wp:term":[{"taxonomy":"category","embeddable":true,"href":"https:\/\/radiowebmx.com\/nota\/wp-json\/wp\/v2\/categories?post=41346"},{"taxonomy":"post_tag","embeddable":true,"href":"https:\/\/radiowebmx.com\/nota\/wp-json\/wp\/v2\/tags?post=41346"}],"curies":[{"name":"wp","href":"https:\/\/api.w.org\/{rel}","templated":true}]}}