{"id":41320,"date":"2017-08-03T10:55:44","date_gmt":"2017-08-03T15:55:44","guid":{"rendered":"https:\/\/radiowebmx.com\/nota\/?p=41320"},"modified":"2017-08-03T10:55:44","modified_gmt":"2017-08-03T15:55:44","slug":"convocan-al-1er-encuentro-de-investigacion-accion-en-estudios-migratorios","status":"publish","type":"post","link":"https:\/\/radiowebmx.com\/nota\/convocan-al-1er-encuentro-de-investigacion-accion-en-estudios-migratorios\/","title":{"rendered":"Convocan al 1er Encuentro de Investigaci\u00f3n-Acci\u00f3n en Estudios Migratorios"},"content":{"rendered":"<p>Los pr\u00f3ximos 24 y 25 de agosto en la capital michoacana se llevar\u00e1 a cabo el Primer Encuentro de Investigaci\u00f3n-Acci\u00f3n en Estudios Migratorios, bajo el tema \u201cDe las investigaciones a las propuestas de pol\u00edtica p\u00fablica en beneficio de los migrantes y sus familias\u201d.<\/p>\n<p><a href=\"https:\/\/radiowebmx.com\/nota\/wp-content\/uploads\/2017\/08\/7cc3ef28-bd95-4b2a-a083-0b73b4f98369.jpg\"><img loading=\"lazy\" decoding=\"async\" class=\"alignnone size-medium wp-image-41321\" src=\"https:\/\/radiowebmx.com\/nota\/wp-content\/uploads\/2017\/08\/7cc3ef28-bd95-4b2a-a083-0b73b4f98369-595x360.jpg\" alt=\"\" width=\"595\" height=\"360\" srcset=\"https:\/\/radiowebmx.com\/nota\/wp-content\/uploads\/2017\/08\/7cc3ef28-bd95-4b2a-a083-0b73b4f98369-595x360.jpg 595w, https:\/\/radiowebmx.com\/nota\/wp-content\/uploads\/2017\/08\/7cc3ef28-bd95-4b2a-a083-0b73b4f98369-768x465.jpg 768w, https:\/\/radiowebmx.com\/nota\/wp-content\/uploads\/2017\/08\/7cc3ef28-bd95-4b2a-a083-0b73b4f98369-960x582.jpg 960w, https:\/\/radiowebmx.com\/nota\/wp-content\/uploads\/2017\/08\/7cc3ef28-bd95-4b2a-a083-0b73b4f98369.jpg 1200w\" sizes=\"auto, (max-width: 595px) 100vw, 595px\" \/><\/a><\/p>\n<p>El secretario de Innovaci\u00f3n, Ciencia y Desarrollo Tecnol\u00f3gico, Jos\u00e9 Luis Monta\u00f1ez Espinosa, puntualiz\u00f3 que al evento que organiza el Centro Nicolaita de Estudios Migratorios (CENIEM), de la Universidad Michoacana de San Nicol\u00e1s de Hidalgo, est\u00e1n invitadas todas las personas que realizan investigaciones sobre temas migratorios o que forman parte de instituciones acad\u00e9micas, organizaciones civiles e instanacias gubernamentales realacionadas con el tema, en diferentes etapas y circunstancias de los procesos migratorios.<\/p>\n<p>Mar\u00eda Elena Rivera, coordinadora del CENIEM, coment\u00f3 que el objetivo principal del foro que tendr\u00e1 como sede las instalaciones del Centro de Informaci\u00f3n, Arte y Cultura de la UMSNH, es estrechar v\u00ednculos entre los acad\u00e9micos, las organizaciones de migrantes, las asociaciones civiles y las instancias gubernamentales para conjuntar el trabajo que en materia de migraci\u00f3n se ha realizado tanto a nivel local como regional, nacional e internacional desde diferentes enfoques, \u00e1reas y campos de conocimiento.<\/p>\n<p>Del mismo modo se busca contar con un panorama amplio e incluyente de los avances actuales en torno a los estudios migratorios, as\u00ed como a los temas pendientes, los retos a futuro y la construcci\u00f3n de pol\u00edticas p\u00fablicas que deriven en planes y programas que beneficien a las y los migrantes y sus familias, adem\u00e1s de contribuir a un mayor desarrollo de M\u00e9xico como pa\u00eds transnacional.<\/p>\n<p><a href=\"https:\/\/radiowebmx.com\/nota\/wp-content\/uploads\/2017\/08\/4f3bc38f-8c24-4d66-af38-f47e60c1e24a.jpg\"><img loading=\"lazy\" decoding=\"async\" class=\"alignnone size-medium wp-image-41322\" src=\"https:\/\/radiowebmx.com\/nota\/wp-content\/uploads\/2017\/08\/4f3bc38f-8c24-4d66-af38-f47e60c1e24a-595x355.jpg\" alt=\"\" width=\"595\" height=\"355\" srcset=\"https:\/\/radiowebmx.com\/nota\/wp-content\/uploads\/2017\/08\/4f3bc38f-8c24-4d66-af38-f47e60c1e24a-595x355.jpg 595w, https:\/\/radiowebmx.com\/nota\/wp-content\/uploads\/2017\/08\/4f3bc38f-8c24-4d66-af38-f47e60c1e24a-768x458.jpg 768w, https:\/\/radiowebmx.com\/nota\/wp-content\/uploads\/2017\/08\/4f3bc38f-8c24-4d66-af38-f47e60c1e24a-960x572.jpg 960w, https:\/\/radiowebmx.com\/nota\/wp-content\/uploads\/2017\/08\/4f3bc38f-8c24-4d66-af38-f47e60c1e24a.jpg 1200w\" sizes=\"auto, (max-width: 595px) 100vw, 595px\" \/><\/a><\/p>\n<p>Son nueve los temas que se definieron para las ponencias: Aportaciones a los estudios migratorios desde diferentes enfoques, disciplinas y campos de conocimiento; Implicaciones de la migraci\u00f3n en ni\u00f1os, adolescentes, adultos o adultos mayores; Los actores de la migraci\u00f3n; Proyectos productivos de migrantes que han sido exitosos. Lecciones aprendidas. Qu\u00e9 hacer y qu\u00e9 no; Desaf\u00edos y oportunidades en los \u00e1mbitos familiar, laboral, escolar, etc.; Creaci\u00f3n de oportunidades laborales para los migrantes de retorno; Las organizaciones de migrantes y su participaci\u00f3n econ\u00f3mica, pol\u00edtica y social en las comunidades transnacionales; Propuestas de pol\u00edticas p\u00fablicas en beneficio de migrantes y sus familias y; Reflexiones en torno al papel de las Universidades ante el fen\u00f3meno migratorio.<\/p>\n<p>Para registrarse o solicitar mayores informes, el comit\u00e9 organizador puso a disposici\u00f3n el tel\u00e9fono 01 (443) 3246199. Quienes se interesen en participar como ponentes deber\u00e1n enviar sus propuestas por correo a la direcci\u00f3n electr\u00f3nicaceniem.umsnh@gmail.com<\/p>\n","protected":false},"excerpt":{"rendered":"<p>Los pr\u00f3ximos 24 y 25 de agosto en la capital michoacana se llevar\u00e1 a cabo el Primer Encuentro de Investigaci\u00f3n-Acci\u00f3n en Estudios Migratorios, bajo el tema \u201cDe las investigaciones a las propuestas de pol\u00edtica p\u00fablica en beneficio de los migrantes y sus familias\u201d. El secretario de Innovaci\u00f3n, Ciencia y Desarrollo Tecnol\u00f3gico, Jos\u00e9 Luis Monta\u00f1ez Espinosa, [&hellip;]<\/p>\n","protected":false},"author":2,"featured_media":41321,"comment_status":"closed","ping_status":"closed","sticky":false,"template":"","format":"standard","meta":{"footnotes":""},"categories":[14,3,60],"tags":[],"class_list":["post-41320","post","type-post","status-publish","format-standard","has-post-thumbnail","hentry","category-destacadas","category-gobierno-del-estado-de-michoacan","category-michoacan"],"_links":{"self":[{"href":"https:\/\/radiowebmx.com\/nota\/wp-json\/wp\/v2\/posts\/41320","targetHints":{"allow":["GET"]}}],"collection":[{"href":"https:\/\/radiowebmx.com\/nota\/wp-json\/wp\/v2\/posts"}],"about":[{"href":"https:\/\/radiowebmx.com\/nota\/wp-json\/wp\/v2\/types\/post"}],"author":[{"embeddable":true,"href":"https:\/\/radiowebmx.com\/nota\/wp-json\/wp\/v2\/users\/2"}],"replies":[{"embeddable":true,"href":"https:\/\/radiowebmx.com\/nota\/wp-json\/wp\/v2\/comments?post=41320"}],"version-history":[{"count":1,"href":"https:\/\/radiowebmx.com\/nota\/wp-json\/wp\/v2\/posts\/41320\/revisions"}],"predecessor-version":[{"id":41323,"href":"https:\/\/radiowebmx.com\/nota\/wp-json\/wp\/v2\/posts\/41320\/revisions\/41323"}],"wp:featuredmedia":[{"embeddable":true,"href":"https:\/\/radiowebmx.com\/nota\/wp-json\/wp\/v2\/media\/41321"}],"wp:attachment":[{"href":"https:\/\/radiowebmx.com\/nota\/wp-json\/wp\/v2\/media?parent=41320"}],"wp:term":[{"taxonomy":"category","embeddable":true,"href":"https:\/\/radiowebmx.com\/nota\/wp-json\/wp\/v2\/categories?post=41320"},{"taxonomy":"post_tag","embeddable":true,"href":"https:\/\/radiowebmx.com\/nota\/wp-json\/wp\/v2\/tags?post=41320"}],"curies":[{"name":"wp","href":"https:\/\/api.w.org\/{rel}","templated":true}]}}