{"id":41310,"date":"2017-08-02T14:12:38","date_gmt":"2017-08-02T19:12:38","guid":{"rendered":"https:\/\/radiowebmx.com\/nota\/?p=41310"},"modified":"2017-08-02T14:12:38","modified_gmt":"2017-08-02T19:12:38","slug":"hace-proam-llamado-a-cuidar-el-agua","status":"publish","type":"post","link":"https:\/\/radiowebmx.com\/nota\/hace-proam-llamado-a-cuidar-el-agua\/","title":{"rendered":"Hace Proam llamado a cuidar el agua"},"content":{"rendered":"<ul>\n<li>El titular de la dependencia, Juan Carlos Vega Sol\u00f3rzano, acompa\u00f1\u00f3 a autoridades de Vista Hermosa en la inauguraci\u00f3n de tres obras p\u00fablicas.<\/li>\n<\/ul>\n<p><a href=\"https:\/\/radiowebmx.com\/nota\/wp-content\/uploads\/2017\/08\/46d9da18-b1cb-4328-9053-7cef061cd61a.jpeg\"><img loading=\"lazy\" decoding=\"async\" class=\"alignnone  wp-image-41311\" src=\"https:\/\/radiowebmx.com\/nota\/wp-content\/uploads\/2017\/08\/46d9da18-b1cb-4328-9053-7cef061cd61a-595x335.jpeg\" alt=\"\" width=\"400\" height=\"225\" srcset=\"https:\/\/radiowebmx.com\/nota\/wp-content\/uploads\/2017\/08\/46d9da18-b1cb-4328-9053-7cef061cd61a-595x335.jpeg 595w, https:\/\/radiowebmx.com\/nota\/wp-content\/uploads\/2017\/08\/46d9da18-b1cb-4328-9053-7cef061cd61a-768x432.jpeg 768w, https:\/\/radiowebmx.com\/nota\/wp-content\/uploads\/2017\/08\/46d9da18-b1cb-4328-9053-7cef061cd61a-960x540.jpeg 960w, https:\/\/radiowebmx.com\/nota\/wp-content\/uploads\/2017\/08\/46d9da18-b1cb-4328-9053-7cef061cd61a.jpeg 1032w\" sizes=\"auto, (max-width: 400px) 100vw, 400px\" \/><\/a><\/p>\n<p>Con un llamado a preservar el medio ambiente y el uso racional del agua, el titular de la Procuradur\u00eda de Protecci\u00f3n al Ambiente en el Estado (Proam), Juan Carlos Vega Sol\u00f3rzano, atestigu\u00f3 este martes la entrega y arranque de obras por casi 6 millones de pesos en el municipio de Vista Hermosa.<\/p>\n<p>En representaci\u00f3n del Gobernador Silvano Aureoles Conejo, el funcionario acompa\u00f1\u00f3 a las autoridades municipales durante la inauguraci\u00f3n de tres obras y el inicio de otra, en beneficio de miles de habitantes de esta demarcaci\u00f3n.<\/p>\n<p>La primera de \u00e9stas fue la colocaci\u00f3n de la techumbre en la Escuela Primaria \u201cMotolin\u00eda\u201d, obra realizada con una inversi\u00f3n de casi un mill\u00f3n de pesos y que beneficiar\u00e1 a m\u00e1s de 300 estudiantes.<\/p>\n<p><a href=\"https:\/\/radiowebmx.com\/nota\/wp-content\/uploads\/2017\/08\/27fe7b0c-c7c0-4a9a-b503-55c5a6639581.jpeg\"><img loading=\"lazy\" decoding=\"async\" class=\"alignnone  wp-image-41312\" src=\"https:\/\/radiowebmx.com\/nota\/wp-content\/uploads\/2017\/08\/27fe7b0c-c7c0-4a9a-b503-55c5a6639581-595x302.jpeg\" alt=\"\" width=\"399\" height=\"203\" srcset=\"https:\/\/radiowebmx.com\/nota\/wp-content\/uploads\/2017\/08\/27fe7b0c-c7c0-4a9a-b503-55c5a6639581-595x302.jpeg 595w, https:\/\/radiowebmx.com\/nota\/wp-content\/uploads\/2017\/08\/27fe7b0c-c7c0-4a9a-b503-55c5a6639581-768x390.jpeg 768w, https:\/\/radiowebmx.com\/nota\/wp-content\/uploads\/2017\/08\/27fe7b0c-c7c0-4a9a-b503-55c5a6639581-960x488.jpeg 960w, https:\/\/radiowebmx.com\/nota\/wp-content\/uploads\/2017\/08\/27fe7b0c-c7c0-4a9a-b503-55c5a6639581.jpeg 1031w\" sizes=\"auto, (max-width: 399px) 100vw, 399px\" \/><\/a><\/p>\n<p>Por otra parte, y en atenci\u00f3n a la demanda de servicios b\u00e1sicos, se instal\u00f3 un pozo a profundidad para el abastecimiento de agua potable de la comunidad, con una inversi\u00f3n de 897 mil pesos y con lo cual m\u00e1s de 2 mil personas se ver\u00e1n beneficiadas.<\/p>\n<p>En el marco de dicha inauguraci\u00f3n, el Procurador de Protecci\u00f3n al Ambiente hizo el llamado a la poblaci\u00f3n para la conservaci\u00f3n y aprovechamiento de este recurso natural.<\/p>\n<p>&#8220;Valoren lo que se hace, lo que se invierte, que no es para otro beneficio que para ustedes; hay que cuidar el agua, hay que transmitirles la importancia de cuidar el vital l\u00edquido a los ni\u00f1os y a las ni\u00f1as&#8221;, exhort\u00f3.<\/p>\n<p>Por su parte, el presidente municipal Nicol\u00e1s Ram\u00edrez Zaragoza, reconoci\u00f3 la labor de la comunidad para gestionar el apoyo y se comprometi\u00f3 a vigilar el buen uso de esta infraestructura.<\/p>\n<p><a href=\"https:\/\/radiowebmx.com\/nota\/wp-content\/uploads\/2017\/08\/d7f2b87b-b245-4b2b-81bd-c4d7f44c89b1.jpeg\"><img loading=\"lazy\" decoding=\"async\" class=\"alignnone  wp-image-41313\" src=\"https:\/\/radiowebmx.com\/nota\/wp-content\/uploads\/2017\/08\/d7f2b87b-b245-4b2b-81bd-c4d7f44c89b1-595x335.jpeg\" alt=\"\" width=\"400\" height=\"225\" srcset=\"https:\/\/radiowebmx.com\/nota\/wp-content\/uploads\/2017\/08\/d7f2b87b-b245-4b2b-81bd-c4d7f44c89b1-595x335.jpeg 595w, https:\/\/radiowebmx.com\/nota\/wp-content\/uploads\/2017\/08\/d7f2b87b-b245-4b2b-81bd-c4d7f44c89b1-768x432.jpeg 768w, https:\/\/radiowebmx.com\/nota\/wp-content\/uploads\/2017\/08\/d7f2b87b-b245-4b2b-81bd-c4d7f44c89b1-960x540.jpeg 960w, https:\/\/radiowebmx.com\/nota\/wp-content\/uploads\/2017\/08\/d7f2b87b-b245-4b2b-81bd-c4d7f44c89b1.jpeg 1032w\" sizes=\"auto, (max-width: 400px) 100vw, 400px\" \/><\/a><\/p>\n<p>Adem\u00e1s de dichas obras se realiz\u00f3 la entrega de la calle Lerdo chiquito, vialidad recientemente mejorada con concreto hidr\u00e1ulico, y el inicio de la pavimentaci\u00f3n de la calle Ocampo, las cuales contemplan una inversi\u00f3n de m\u00e1s de 4 millones de pesos que servir\u00e1n para lograr el adecuado tr\u00e1nsito de la poblaci\u00f3n de Vista Hermosa.<\/p>\n<p>Durante este encuentro, las autoridades se comprometieron a mantener una estrecha comunicaci\u00f3n a fin de buscar un desarrollo sustentable de la localidad, apeg\u00e1ndose a los principios del respeto a nuestro medio ambiente.<\/p>\n","protected":false},"excerpt":{"rendered":"<p>El titular de la dependencia, Juan Carlos Vega Sol\u00f3rzano, acompa\u00f1\u00f3 a autoridades de Vista Hermosa en la inauguraci\u00f3n de tres obras p\u00fablicas. Con un llamado a preservar el medio ambiente y el uso racional del agua, el titular de la Procuradur\u00eda de Protecci\u00f3n al Ambiente en el Estado (Proam), Juan Carlos Vega Sol\u00f3rzano, atestigu\u00f3 este [&hellip;]<\/p>\n","protected":false},"author":2,"featured_media":41311,"comment_status":"closed","ping_status":"closed","sticky":false,"template":"","format":"standard","meta":{"footnotes":""},"categories":[14,3],"tags":[],"class_list":["post-41310","post","type-post","status-publish","format-standard","has-post-thumbnail","hentry","category-destacadas","category-gobierno-del-estado-de-michoacan"],"_links":{"self":[{"href":"https:\/\/radiowebmx.com\/nota\/wp-json\/wp\/v2\/posts\/41310","targetHints":{"allow":["GET"]}}],"collection":[{"href":"https:\/\/radiowebmx.com\/nota\/wp-json\/wp\/v2\/posts"}],"about":[{"href":"https:\/\/radiowebmx.com\/nota\/wp-json\/wp\/v2\/types\/post"}],"author":[{"embeddable":true,"href":"https:\/\/radiowebmx.com\/nota\/wp-json\/wp\/v2\/users\/2"}],"replies":[{"embeddable":true,"href":"https:\/\/radiowebmx.com\/nota\/wp-json\/wp\/v2\/comments?post=41310"}],"version-history":[{"count":1,"href":"https:\/\/radiowebmx.com\/nota\/wp-json\/wp\/v2\/posts\/41310\/revisions"}],"predecessor-version":[{"id":41314,"href":"https:\/\/radiowebmx.com\/nota\/wp-json\/wp\/v2\/posts\/41310\/revisions\/41314"}],"wp:featuredmedia":[{"embeddable":true,"href":"https:\/\/radiowebmx.com\/nota\/wp-json\/wp\/v2\/media\/41311"}],"wp:attachment":[{"href":"https:\/\/radiowebmx.com\/nota\/wp-json\/wp\/v2\/media?parent=41310"}],"wp:term":[{"taxonomy":"category","embeddable":true,"href":"https:\/\/radiowebmx.com\/nota\/wp-json\/wp\/v2\/categories?post=41310"},{"taxonomy":"post_tag","embeddable":true,"href":"https:\/\/radiowebmx.com\/nota\/wp-json\/wp\/v2\/tags?post=41310"}],"curies":[{"name":"wp","href":"https:\/\/api.w.org\/{rel}","templated":true}]}}