{"id":41300,"date":"2017-08-02T14:05:48","date_gmt":"2017-08-02T19:05:48","guid":{"rendered":"https:\/\/radiowebmx.com\/nota\/?p=41300"},"modified":"2017-08-02T14:05:48","modified_gmt":"2017-08-02T19:05:48","slug":"destina-michoacan-21-mdp-para-fondo-de-apoyo-a-migrantes","status":"publish","type":"post","link":"https:\/\/radiowebmx.com\/nota\/destina-michoacan-21-mdp-para-fondo-de-apoyo-a-migrantes\/","title":{"rendered":"Destina Michoac\u00e1n 21 mdp para Fondo de Apoyo a Migrantes"},"content":{"rendered":"<ul>\n<li>Abren convocatoria para el FAMI con un taller de capacitaci\u00f3n sobre los lineamientos del programa.<\/li>\n<\/ul>\n<p>&nbsp;<\/p>\n<p>El Gobierno del Estado de Michoac\u00e1n a trav\u00e9s de la Secretar\u00eda del Migrante (Semigrante), dio a conocer la convocatoria del Fondo de Apoyo al Migrante (FAMI) 2017, para el cual se ejercer\u00e1n m\u00e1s de 21 millones de pesos que ser\u00e1n distribuidos en los 113 municipios del estado.<\/p>\n<p><a href=\"https:\/\/radiowebmx.com\/nota\/wp-content\/uploads\/2017\/08\/dfdab284-54b1-4bca-a0f5-51be3d614461.jpeg\"><img loading=\"lazy\" decoding=\"async\" class=\"alignnone  wp-image-41301\" src=\"https:\/\/radiowebmx.com\/nota\/wp-content\/uploads\/2017\/08\/dfdab284-54b1-4bca-a0f5-51be3d614461-595x335.jpeg\" alt=\"\" width=\"400\" height=\"225\" srcset=\"https:\/\/radiowebmx.com\/nota\/wp-content\/uploads\/2017\/08\/dfdab284-54b1-4bca-a0f5-51be3d614461-595x335.jpeg 595w, https:\/\/radiowebmx.com\/nota\/wp-content\/uploads\/2017\/08\/dfdab284-54b1-4bca-a0f5-51be3d614461-768x432.jpeg 768w, https:\/\/radiowebmx.com\/nota\/wp-content\/uploads\/2017\/08\/dfdab284-54b1-4bca-a0f5-51be3d614461-960x540.jpeg 960w, https:\/\/radiowebmx.com\/nota\/wp-content\/uploads\/2017\/08\/dfdab284-54b1-4bca-a0f5-51be3d614461.jpeg 1132w\" sizes=\"auto, (max-width: 400px) 100vw, 400px\" \/><\/a><\/p>\n<p>En este marco, la Semigrante ofreci\u00f3 una capacitaci\u00f3n sobre los lineamientos de este programa dirigida a connacionales de diversas regiones de la entidad.<\/p>\n<p>El objetivo del FAMI es que las y los migrantes deportados o en retorno encuentren una oportunidad de desarrollo a trav\u00e9s del autoempleo o la consolidaci\u00f3n de un proyecto productivo formal como su fuente de ingresos y que permitan a largo plazo la generaci\u00f3n de m\u00e1s empleos, as\u00ed como el bienestar de sus familias y comunidades.<\/p>\n<p>El titular de la Semigrante, Jos\u00e9 Luis Guti\u00e9rrez P\u00e9rez, manifest\u00f3 que el FAMI es un programa que ha ido evolucionando para beneficiar cada vez a m\u00e1s migrantes, sobre todo los que est\u00e1n en situaci\u00f3n de vulnerabilidad.<\/p>\n<p>Recalc\u00f3 que la instrucci\u00f3n del Gobernador Silvano Aureoles Conejo es apostar por la colaboraci\u00f3n institucional entre los distintos \u00f3rdenes de gobierno, en beneficio de las y los migrantes michoacanos y sus familias, tanto en este programa como en el de Palomas Mensajeras.<\/p>\n<p>En este taller estuvieron presentes Enrique Martini Castillo, delegado de la Secretar\u00eda de Gobernaci\u00f3n en Michoac\u00e1n; Zaira Mandujano Fern\u00e1ndez, titular de la Delegaci\u00f3n de la Secretar\u00eda de Relaciones Exteriores, y Elsa Eliuth Gurrola Ibarrola, delegada del Instituto Nacional de Migraci\u00f3n.<\/p>\n<p><a href=\"https:\/\/radiowebmx.com\/nota\/wp-content\/uploads\/2017\/08\/9b47989b-534e-40a0-aac6-a044fa409a41.jpeg\"><img loading=\"lazy\" decoding=\"async\" class=\"alignnone  wp-image-41302\" src=\"https:\/\/radiowebmx.com\/nota\/wp-content\/uploads\/2017\/08\/9b47989b-534e-40a0-aac6-a044fa409a41-595x394.jpeg\" alt=\"\" width=\"396\" height=\"263\" srcset=\"https:\/\/radiowebmx.com\/nota\/wp-content\/uploads\/2017\/08\/9b47989b-534e-40a0-aac6-a044fa409a41-595x394.jpeg 595w, https:\/\/radiowebmx.com\/nota\/wp-content\/uploads\/2017\/08\/9b47989b-534e-40a0-aac6-a044fa409a41-768x508.jpeg 768w, https:\/\/radiowebmx.com\/nota\/wp-content\/uploads\/2017\/08\/9b47989b-534e-40a0-aac6-a044fa409a41-960x635.jpeg 960w, https:\/\/radiowebmx.com\/nota\/wp-content\/uploads\/2017\/08\/9b47989b-534e-40a0-aac6-a044fa409a41-272x182.jpeg 272w, https:\/\/radiowebmx.com\/nota\/wp-content\/uploads\/2017\/08\/9b47989b-534e-40a0-aac6-a044fa409a41.jpeg 1023w\" sizes=\"auto, (max-width: 396px) 100vw, 396px\" \/><\/a><\/p>\n<p>Los funcionarios asistentes reconocieron al personal de la Semigrante por este trabajo tan importante para consolidar con \u00e9xito el programa.<\/p>\n<p>La capacitaci\u00f3n a las y los directores de Atenci\u00f3n al Migrante de los municipios, corri\u00f3 a cargo del director de Proyectos de Desarrollo de la Semigrante, Felipe Ruiz.<\/p>\n<p>Ah\u00ed se dieron a conocer los requisitos de la convocatoria y se detall\u00f3 que son tres formas de recibir el recurso del FAMI: Proyecto productivo individual de hasta 30 mil pesos; Apoyo a familias con tres migrantes mayores de edad recibiendo hasta un m\u00e1ximo de 30 mil pesos cada uno; y el Apoyo a grupos por un m\u00e1ximo de 25 mil pesos por cada integrante, sin exceder los 100 mil pesos por grupo.<\/p>\n","protected":false},"excerpt":{"rendered":"<p>Abren convocatoria para el FAMI con un taller de capacitaci\u00f3n sobre los lineamientos del programa. &nbsp; El Gobierno del Estado de Michoac\u00e1n a trav\u00e9s de la Secretar\u00eda del Migrante (Semigrante), dio a conocer la convocatoria del Fondo de Apoyo al Migrante (FAMI) 2017, para el cual se ejercer\u00e1n m\u00e1s de 21 millones de pesos que [&hellip;]<\/p>\n","protected":false},"author":2,"featured_media":41301,"comment_status":"closed","ping_status":"closed","sticky":false,"template":"","format":"standard","meta":{"footnotes":""},"categories":[14,3],"tags":[],"class_list":["post-41300","post","type-post","status-publish","format-standard","has-post-thumbnail","hentry","category-destacadas","category-gobierno-del-estado-de-michoacan"],"_links":{"self":[{"href":"https:\/\/radiowebmx.com\/nota\/wp-json\/wp\/v2\/posts\/41300","targetHints":{"allow":["GET"]}}],"collection":[{"href":"https:\/\/radiowebmx.com\/nota\/wp-json\/wp\/v2\/posts"}],"about":[{"href":"https:\/\/radiowebmx.com\/nota\/wp-json\/wp\/v2\/types\/post"}],"author":[{"embeddable":true,"href":"https:\/\/radiowebmx.com\/nota\/wp-json\/wp\/v2\/users\/2"}],"replies":[{"embeddable":true,"href":"https:\/\/radiowebmx.com\/nota\/wp-json\/wp\/v2\/comments?post=41300"}],"version-history":[{"count":1,"href":"https:\/\/radiowebmx.com\/nota\/wp-json\/wp\/v2\/posts\/41300\/revisions"}],"predecessor-version":[{"id":41303,"href":"https:\/\/radiowebmx.com\/nota\/wp-json\/wp\/v2\/posts\/41300\/revisions\/41303"}],"wp:featuredmedia":[{"embeddable":true,"href":"https:\/\/radiowebmx.com\/nota\/wp-json\/wp\/v2\/media\/41301"}],"wp:attachment":[{"href":"https:\/\/radiowebmx.com\/nota\/wp-json\/wp\/v2\/media?parent=41300"}],"wp:term":[{"taxonomy":"category","embeddable":true,"href":"https:\/\/radiowebmx.com\/nota\/wp-json\/wp\/v2\/categories?post=41300"},{"taxonomy":"post_tag","embeddable":true,"href":"https:\/\/radiowebmx.com\/nota\/wp-json\/wp\/v2\/tags?post=41300"}],"curies":[{"name":"wp","href":"https:\/\/api.w.org\/{rel}","templated":true}]}}