{"id":41297,"date":"2017-08-02T13:59:25","date_gmt":"2017-08-02T18:59:25","guid":{"rendered":"https:\/\/radiowebmx.com\/nota\/?p=41297"},"modified":"2017-08-02T13:59:25","modified_gmt":"2017-08-02T18:59:25","slug":"inaugura-liconsa-lecheria-en-morelia","status":"publish","type":"post","link":"https:\/\/radiowebmx.com\/nota\/inaugura-liconsa-lecheria-en-morelia\/","title":{"rendered":"Inaugura LICONSA lecher\u00eda en Morelia"},"content":{"rendered":"<p>Tal y como lo instruy\u00f3 el Presidente de M\u00e9xico, Enrique Pe\u00f1a Nieto de elevar los \u00edndices de vida de los mexicanos, la ma\u00f1ana del martes, el gerente estatal de LICONSA Michoac\u00e1n, Sergio Flores Luna, inaugur\u00f3 una nueva lecher\u00eda en Morelia.<\/p>\n<p>Dicha acci\u00f3n beneficiar\u00e1 a m\u00e1s de 600 morelianos, la inauguraci\u00f3n de citada lecher\u00eda se dio en la colonia Ciudad Jard\u00edn y con ello tambi\u00e9n se cumple con la instrucci\u00f3n del Secretario de la SEDESOL, Luis Enrique Miranda Nava, as\u00ed como del Director General de LICONSA, H\u00e9ctor Pablo Ram\u00edrez Puga Leyva de acercar a los michoacanos los programas que estas instancias ofertan.<\/p>\n<p><a href=\"https:\/\/radiowebmx.com\/nota\/wp-content\/uploads\/2017\/08\/Boletin-Cuidad-Jardin.jpeg\"><img loading=\"lazy\" decoding=\"async\" class=\"alignnone  wp-image-41298\" src=\"https:\/\/radiowebmx.com\/nota\/wp-content\/uploads\/2017\/08\/Boletin-Cuidad-Jardin-595x390.jpeg\" alt=\"\" width=\"399\" height=\"262\" srcset=\"https:\/\/radiowebmx.com\/nota\/wp-content\/uploads\/2017\/08\/Boletin-Cuidad-Jardin-595x390.jpeg 595w, https:\/\/radiowebmx.com\/nota\/wp-content\/uploads\/2017\/08\/Boletin-Cuidad-Jardin-768x504.jpeg 768w, https:\/\/radiowebmx.com\/nota\/wp-content\/uploads\/2017\/08\/Boletin-Cuidad-Jardin-960x630.jpeg 960w, https:\/\/radiowebmx.com\/nota\/wp-content\/uploads\/2017\/08\/Boletin-Cuidad-Jardin.jpeg 1280w\" sizes=\"auto, (max-width: 399px) 100vw, 399px\" \/><\/a><\/p>\n<p>En el evento estuvieron presentes el Gerente Estatal de LICONSA Michoac\u00e1n, Sergio Flores Luna; el Delegado de la SEDESOL Michoac\u00e1n, Ger\u00f3nimo Color Gasca; diputado federal, Marco Polo Aguirre Ch\u00e1vez; Erick Acu\u00f1a Meza, director de Desarrollo Humano del Ayuntamiento de Morelia, entre otras personalidades.<\/p>\n<p>En un ambiente de alegr\u00eda, desde temprana hora los colonos de esa zona geogr\u00e1fica de la capital michoacana se dieron cita en el lugar para la inauguraci\u00f3n de la lecher\u00eda en Ciudad Jard\u00edn, Morelia.<\/p>\n<p>Ah\u00ed, Sergio Flores Luna dio a los morelianos un afectuoso saludo de parte del Gobierno de la Rep\u00fablica que encabeza el Presidente Enrique Pe\u00f1a Nieto, y refrend\u00f3 el compromiso de su administraci\u00f3n de trabajar de manera coordinada con los michoacanos.<\/p>\n<p>Tambi\u00e9n, Flores Luna a\u00f1adi\u00f3 que durante su gesti\u00f3n al frente de LICONSA Michoac\u00e1n se continuar\u00e1 trabajando de la mano de los sectores m\u00e1s vulnerables de la entidad, pues la instrucci\u00f3n es clara: elevar los \u00edndices de calidad de vida de los michoacanos y otorgarles una alimentaci\u00f3n sana, variada y suficiente.<\/p>\n<p>Asimismo, pidi\u00f3 a los habitantes de Ciudad Jard\u00edn cuidar las instalaciones de la nueva lecher\u00eda y acudir diariamente por su dotaci\u00f3n de la segunda mejor leche.<\/p>\n<p>Con estas acciones se cumple puntualmente con la instrucci\u00f3n del Presidente de M\u00e9xico, Enrique Pe\u00f1a Nieto de otorgar mejores condiciones de vida a los michoacanos.<\/p>\n","protected":false},"excerpt":{"rendered":"<p>Tal y como lo instruy\u00f3 el Presidente de M\u00e9xico, Enrique Pe\u00f1a Nieto de elevar los \u00edndices de vida de los mexicanos, la ma\u00f1ana del martes, el gerente estatal de LICONSA Michoac\u00e1n, Sergio Flores Luna, inaugur\u00f3 una nueva lecher\u00eda en Morelia. Dicha acci\u00f3n beneficiar\u00e1 a m\u00e1s de 600 morelianos, la inauguraci\u00f3n de citada lecher\u00eda se dio [&hellip;]<\/p>\n","protected":false},"author":2,"featured_media":41298,"comment_status":"closed","ping_status":"closed","sticky":false,"template":"","format":"standard","meta":{"footnotes":""},"categories":[3,60],"tags":[],"class_list":["post-41297","post","type-post","status-publish","format-standard","has-post-thumbnail","hentry","category-gobierno-del-estado-de-michoacan","category-michoacan"],"_links":{"self":[{"href":"https:\/\/radiowebmx.com\/nota\/wp-json\/wp\/v2\/posts\/41297","targetHints":{"allow":["GET"]}}],"collection":[{"href":"https:\/\/radiowebmx.com\/nota\/wp-json\/wp\/v2\/posts"}],"about":[{"href":"https:\/\/radiowebmx.com\/nota\/wp-json\/wp\/v2\/types\/post"}],"author":[{"embeddable":true,"href":"https:\/\/radiowebmx.com\/nota\/wp-json\/wp\/v2\/users\/2"}],"replies":[{"embeddable":true,"href":"https:\/\/radiowebmx.com\/nota\/wp-json\/wp\/v2\/comments?post=41297"}],"version-history":[{"count":1,"href":"https:\/\/radiowebmx.com\/nota\/wp-json\/wp\/v2\/posts\/41297\/revisions"}],"predecessor-version":[{"id":41299,"href":"https:\/\/radiowebmx.com\/nota\/wp-json\/wp\/v2\/posts\/41297\/revisions\/41299"}],"wp:featuredmedia":[{"embeddable":true,"href":"https:\/\/radiowebmx.com\/nota\/wp-json\/wp\/v2\/media\/41298"}],"wp:attachment":[{"href":"https:\/\/radiowebmx.com\/nota\/wp-json\/wp\/v2\/media?parent=41297"}],"wp:term":[{"taxonomy":"category","embeddable":true,"href":"https:\/\/radiowebmx.com\/nota\/wp-json\/wp\/v2\/categories?post=41297"},{"taxonomy":"post_tag","embeddable":true,"href":"https:\/\/radiowebmx.com\/nota\/wp-json\/wp\/v2\/tags?post=41297"}],"curies":[{"name":"wp","href":"https:\/\/api.w.org\/{rel}","templated":true}]}}