{"id":41279,"date":"2017-08-02T13:46:42","date_gmt":"2017-08-02T18:46:42","guid":{"rendered":"https:\/\/radiowebmx.com\/nota\/?p=41279"},"modified":"2017-08-02T13:46:42","modified_gmt":"2017-08-02T18:46:42","slug":"lleva-cobaem-taller-literario-a-ucareo","status":"publish","type":"post","link":"https:\/\/radiowebmx.com\/nota\/lleva-cobaem-taller-literario-a-ucareo\/","title":{"rendered":"Lleva Cobaem taller literario a Ucareo"},"content":{"rendered":"<p>Con el objetivo de fortalecer la identidad y las relaciones interculturales y de recuperar el enfoque de la paz con especial atenci\u00f3n en la identificaci\u00f3n de la violencia, el Colegio de Bachilleres del Estado de Michoac\u00e1n (Cobaem) desarroll\u00f3 el tercer Taller de Creaci\u00f3n Literaria a trav\u00e9s de la Direcci\u00f3n Acad\u00e9mica en el plantel Ucareo.<\/p>\n<p><a href=\"https:\/\/radiowebmx.com\/nota\/wp-content\/uploads\/2017\/08\/9ca50349-3003-4a7d-9f7d-a85143dcf625.jpeg\"><img loading=\"lazy\" decoding=\"async\" class=\"alignnone  wp-image-41280\" src=\"https:\/\/radiowebmx.com\/nota\/wp-content\/uploads\/2017\/08\/9ca50349-3003-4a7d-9f7d-a85143dcf625-595x444.jpeg\" alt=\"\" width=\"399\" height=\"298\" srcset=\"https:\/\/radiowebmx.com\/nota\/wp-content\/uploads\/2017\/08\/9ca50349-3003-4a7d-9f7d-a85143dcf625-595x444.jpeg 595w, https:\/\/radiowebmx.com\/nota\/wp-content\/uploads\/2017\/08\/9ca50349-3003-4a7d-9f7d-a85143dcf625-768x573.jpeg 768w, https:\/\/radiowebmx.com\/nota\/wp-content\/uploads\/2017\/08\/9ca50349-3003-4a7d-9f7d-a85143dcf625.jpeg 960w\" sizes=\"auto, (max-width: 399px) 100vw, 399px\" \/><\/a><\/p>\n<p>Estos talleres buscan aportar elementos para fortalecer la paz y el respeto entre la poblaci\u00f3n, mediante un proceso educativo como el que impulsa Alejandro Bustos Aguilar desde la Direcci\u00f3n General del Cobaem.<\/p>\n<p>Durante los tres d\u00edas que dur\u00f3 el taller, se cont\u00f3 con la participaci\u00f3n de importantes ponentes, como el historiador Leonel Meza, impulsor del taller; el director del Plantel, Jos\u00e9 Tello Mart\u00ednez, y el Coordinador Sectorial, Antonio N\u00fa\u00f1ez Flores.<\/p>\n<p>Fungieron como coordinadores los profesores Ismael Garc\u00eda Marcelino y \u00d3scar Valdovinos, quien tuvo a su cargo el desarrollo de la Cl\u00ednica de Lenguaje.<\/p>\n<p><a href=\"https:\/\/radiowebmx.com\/nota\/wp-content\/uploads\/2017\/08\/2a2e742a-d2b3-40a2-a260-c04a953fe3e9.jpeg\"><img loading=\"lazy\" decoding=\"async\" class=\"alignnone  wp-image-41281\" src=\"https:\/\/radiowebmx.com\/nota\/wp-content\/uploads\/2017\/08\/2a2e742a-d2b3-40a2-a260-c04a953fe3e9-595x446.jpeg\" alt=\"\" width=\"398\" height=\"299\" srcset=\"https:\/\/radiowebmx.com\/nota\/wp-content\/uploads\/2017\/08\/2a2e742a-d2b3-40a2-a260-c04a953fe3e9-595x446.jpeg 595w, https:\/\/radiowebmx.com\/nota\/wp-content\/uploads\/2017\/08\/2a2e742a-d2b3-40a2-a260-c04a953fe3e9-768x576.jpeg 768w, https:\/\/radiowebmx.com\/nota\/wp-content\/uploads\/2017\/08\/2a2e742a-d2b3-40a2-a260-c04a953fe3e9-960x720.jpeg 960w, https:\/\/radiowebmx.com\/nota\/wp-content\/uploads\/2017\/08\/2a2e742a-d2b3-40a2-a260-c04a953fe3e9.jpeg 1280w\" sizes=\"auto, (max-width: 398px) 100vw, 398px\" \/><\/a><\/p>\n","protected":false},"excerpt":{"rendered":"<p>Con el objetivo de fortalecer la identidad y las relaciones interculturales y de recuperar el enfoque de la paz con especial atenci\u00f3n en la identificaci\u00f3n de la violencia, el Colegio de Bachilleres del Estado de Michoac\u00e1n (Cobaem) desarroll\u00f3 el tercer Taller de Creaci\u00f3n Literaria a trav\u00e9s de la Direcci\u00f3n Acad\u00e9mica en el plantel Ucareo. Estos [&hellip;]<\/p>\n","protected":false},"author":2,"featured_media":41280,"comment_status":"closed","ping_status":"closed","sticky":false,"template":"","format":"standard","meta":{"footnotes":""},"categories":[3,60],"tags":[],"class_list":["post-41279","post","type-post","status-publish","format-standard","has-post-thumbnail","hentry","category-gobierno-del-estado-de-michoacan","category-michoacan"],"_links":{"self":[{"href":"https:\/\/radiowebmx.com\/nota\/wp-json\/wp\/v2\/posts\/41279","targetHints":{"allow":["GET"]}}],"collection":[{"href":"https:\/\/radiowebmx.com\/nota\/wp-json\/wp\/v2\/posts"}],"about":[{"href":"https:\/\/radiowebmx.com\/nota\/wp-json\/wp\/v2\/types\/post"}],"author":[{"embeddable":true,"href":"https:\/\/radiowebmx.com\/nota\/wp-json\/wp\/v2\/users\/2"}],"replies":[{"embeddable":true,"href":"https:\/\/radiowebmx.com\/nota\/wp-json\/wp\/v2\/comments?post=41279"}],"version-history":[{"count":1,"href":"https:\/\/radiowebmx.com\/nota\/wp-json\/wp\/v2\/posts\/41279\/revisions"}],"predecessor-version":[{"id":41282,"href":"https:\/\/radiowebmx.com\/nota\/wp-json\/wp\/v2\/posts\/41279\/revisions\/41282"}],"wp:featuredmedia":[{"embeddable":true,"href":"https:\/\/radiowebmx.com\/nota\/wp-json\/wp\/v2\/media\/41280"}],"wp:attachment":[{"href":"https:\/\/radiowebmx.com\/nota\/wp-json\/wp\/v2\/media?parent=41279"}],"wp:term":[{"taxonomy":"category","embeddable":true,"href":"https:\/\/radiowebmx.com\/nota\/wp-json\/wp\/v2\/categories?post=41279"},{"taxonomy":"post_tag","embeddable":true,"href":"https:\/\/radiowebmx.com\/nota\/wp-json\/wp\/v2\/tags?post=41279"}],"curies":[{"name":"wp","href":"https:\/\/api.w.org\/{rel}","templated":true}]}}