{"id":41274,"date":"2017-08-02T13:42:58","date_gmt":"2017-08-02T18:42:58","guid":{"rendered":"https:\/\/radiowebmx.com\/nota\/?p=41274"},"modified":"2017-08-02T13:42:58","modified_gmt":"2017-08-02T18:42:58","slug":"premian-a-artesanos-del-72-concurso-de-cobre-martillado","status":"publish","type":"post","link":"https:\/\/radiowebmx.com\/nota\/premian-a-artesanos-del-72-concurso-de-cobre-martillado\/","title":{"rendered":"Premian a artesanos del 72 Concurso de Cobre Martillado"},"content":{"rendered":"<ul>\n<li>Entregan una bolsa en premios por 465 mil pesos para 103 ganadores en diferentes categor\u00edas.<\/li>\n<\/ul>\n<p><a href=\"https:\/\/radiowebmx.com\/nota\/wp-content\/uploads\/2017\/08\/5e79ed2e-67e1-442e-9611-27d2f001cee6.jpeg\"><img loading=\"lazy\" decoding=\"async\" class=\"alignnone  wp-image-41275\" src=\"https:\/\/radiowebmx.com\/nota\/wp-content\/uploads\/2017\/08\/5e79ed2e-67e1-442e-9611-27d2f001cee6-595x427.jpeg\" alt=\"\" width=\"399\" height=\"286\" srcset=\"https:\/\/radiowebmx.com\/nota\/wp-content\/uploads\/2017\/08\/5e79ed2e-67e1-442e-9611-27d2f001cee6-595x427.jpeg 595w, https:\/\/radiowebmx.com\/nota\/wp-content\/uploads\/2017\/08\/5e79ed2e-67e1-442e-9611-27d2f001cee6-768x551.jpeg 768w, https:\/\/radiowebmx.com\/nota\/wp-content\/uploads\/2017\/08\/5e79ed2e-67e1-442e-9611-27d2f001cee6.jpeg 937w\" sizes=\"auto, (max-width: 399px) 100vw, 399px\" \/><\/a><\/p>\n<p><strong>Santa Clara del Cobre, mpio. de Salvador Escalante, Michoac\u00e1n, a 1 de agosto de 2017.-<\/strong>\u00a0En el marco de la clausura de la LII Feria Nacional del Cobre, el Instituto del Artesano Michoacano (IAM), el Fondo Nacional para el Fomento de las Artesan\u00edas (Fonart), en coordinaci\u00f3n con la Presidencia Municipal de Salvador Escalante y diferentes instituciones del Gobierno Estatal entregaron las preseas, diplomas y premios en efectivo por un monto de 465 mil pesos, a los 103 artesanos ganadores del LXXII Concurso del Cobre Martillado.<\/p>\n<p>El director general del Instituto del Artesano Michoacano (IAM), Claudio M\u00e9ndez Fern\u00e1ndez, felicit\u00f3 a todas y todos los ganadores del concurso, que cont\u00f3 con la participaci\u00f3n de un n\u00famero importante de ni\u00f1os.<\/p>\n<p>&#8220;Ellos son quienes han heredado el conocimiento de sus abuelos y padres; \u00e9sta tradici\u00f3n debe conservarse de generaci\u00f3n en generaci\u00f3n&#8221;, destac\u00f3 M\u00e9ndez Fern\u00e1ndez.<\/p>\n<p>En su mensaje durante la entrega de premios, el funcionario estatal invit\u00f3 a visitar los 12 talleres artesanales que se habilitaron en esta localidad con el apoyo del Fonart y donde los turistas pueden interactuar directamente generando una experiencia vivencial en cada uno de estos talleres.<\/p>\n<p><a href=\"https:\/\/radiowebmx.com\/nota\/wp-content\/uploads\/2017\/08\/e9c7be46-4fa2-4465-8c44-5e7a161d0236.jpeg\"><img loading=\"lazy\" decoding=\"async\" class=\"alignnone  wp-image-41276\" src=\"https:\/\/radiowebmx.com\/nota\/wp-content\/uploads\/2017\/08\/e9c7be46-4fa2-4465-8c44-5e7a161d0236-595x335.jpeg\" alt=\"\" width=\"400\" height=\"225\" srcset=\"https:\/\/radiowebmx.com\/nota\/wp-content\/uploads\/2017\/08\/e9c7be46-4fa2-4465-8c44-5e7a161d0236-595x335.jpeg 595w, https:\/\/radiowebmx.com\/nota\/wp-content\/uploads\/2017\/08\/e9c7be46-4fa2-4465-8c44-5e7a161d0236-768x432.jpeg 768w, https:\/\/radiowebmx.com\/nota\/wp-content\/uploads\/2017\/08\/e9c7be46-4fa2-4465-8c44-5e7a161d0236-960x540.jpeg 960w, https:\/\/radiowebmx.com\/nota\/wp-content\/uploads\/2017\/08\/e9c7be46-4fa2-4465-8c44-5e7a161d0236.jpeg 1280w\" sizes=\"auto, (max-width: 400px) 100vw, 400px\" \/><\/a><\/p>\n<p>&#8220;En esas din\u00e1micas los visitantes tienen la oportunidad de conocer todo el proceso para elaborar una pieza de cobre. Esto tambi\u00e9n nos ayuda a generar conciencia porque a la hora de comprar una artesan\u00eda saben que est\u00e1n pagando un precio justo, sin regateo&#8221;, expres\u00f3.<\/p>\n<p>M\u00e9ndez Fern\u00e1ndez agradeci\u00f3 a las diferentes instituciones que se sumaron a la bolsa de premios, como Fomento Cultural Banamex, las secretar\u00edas de Gobierno, Turismo y Desarrollo Econ\u00f3mico; la Comisi\u00f3n Nacional para el Desarrollo de los Pueblos Ind\u00edgenas, S\u00ed Financia y la Presidencia Municipal de Salvador Escalante.<\/p>\n<p>Por su parte, el edil de Salvador Escalante, Jos\u00e9 Jes\u00fas Lucas \u00c1ngel, agradeci\u00f3 el apoyo de todas las dependencias federales, estatales y particulares que aportaron m\u00e1s premios para los artesanos y resalt\u00f3 que la afluencia estimada este a\u00f1o fue de 35 mil visitantes.<\/p>\n<p>La coordinadora de Proyectos Estrat\u00e9gicos para Artesan\u00edas del Fondo Nacional para el Fomento de las Artesan\u00edas, Priscila Corona Ortiz, mencion\u00f3 que esta instituci\u00f3n, a cargo de Liliana Romero Medina, sigue comprometida con el sector artesanal y que prueba de ello es la aportaci\u00f3n de m\u00e1s de un mill\u00f3n 500 mil pesos que ha realizado este a\u00f1o para otorgar premios en los diferentes concursos que ha tenido Michoac\u00e1n.<\/p>\n<p>En esta ocasi\u00f3n, el galard\u00f3n Nacional y la Presea de Oro fue para Jos\u00e9 Sergio Vel\u00e1zquez Garc\u00eda, quien elabor\u00f3 una olla centro con grecas; mientras que el galard\u00f3n estatal y Presea de Plata la obtuvo M\u00e1ximo Vel\u00e1zquez Correa, con un centro gajeado en forma de arcos. El galard\u00f3n Santa Clara y Presea de Cobre fue para Jos\u00e9 Agust\u00edn \u00c1ngel Castro, quien present\u00f3 un juego de centro de seis piezas.<\/p>\n<p><a href=\"https:\/\/radiowebmx.com\/nota\/wp-content\/uploads\/2017\/08\/def627e7-cf1f-4ac8-aa6e-2f4a5ad197f4.jpeg\"><img loading=\"lazy\" decoding=\"async\" class=\"alignnone  wp-image-41277\" src=\"https:\/\/radiowebmx.com\/nota\/wp-content\/uploads\/2017\/08\/def627e7-cf1f-4ac8-aa6e-2f4a5ad197f4-595x352.jpeg\" alt=\"\" width=\"399\" height=\"236\" srcset=\"https:\/\/radiowebmx.com\/nota\/wp-content\/uploads\/2017\/08\/def627e7-cf1f-4ac8-aa6e-2f4a5ad197f4-595x352.jpeg 595w, https:\/\/radiowebmx.com\/nota\/wp-content\/uploads\/2017\/08\/def627e7-cf1f-4ac8-aa6e-2f4a5ad197f4-768x454.jpeg 768w, https:\/\/radiowebmx.com\/nota\/wp-content\/uploads\/2017\/08\/def627e7-cf1f-4ac8-aa6e-2f4a5ad197f4.jpeg 857w\" sizes=\"auto, (max-width: 399px) 100vw, 399px\" \/><\/a><\/p>\n<p>Tambi\u00e9n se entregaron premios especiales para los artesanos Arturo \u00c1ngel Punzo, J. Audon Punzo \u00c1ngel, Everardo Trejo D\u00edaz y Juan Jos\u00e9 Saucedo Ram\u00edrez.<\/p>\n<p>Durante la premiaci\u00f3n estuvieron presentes, el diputado por el distrito de P\u00e1tzcuaro, Jos\u00e9 Guadalupe Aguilera Rojas; el coordinador general de Cocotra en el Estado, Marco Antonio Lagunas V\u00e1zquez; el jefe del departamento de Investigaci\u00f3n y Promoci\u00f3n de la Comisi\u00f3n Nacional para el Desarrollo de la Pueblos Ind\u00edgenas (CDI) Michoac\u00e1n, Argimiro Cort\u00e9s Esteban; la delegada de Turismo regional, Alejandra Vel\u00e1zquez y la presidenta de la Uni\u00f3n Estatal de Artesanos de Michoac\u00e1n (UNEAMICH), Emilia Reyes Oseguera.<\/p>\n","protected":false},"excerpt":{"rendered":"<p>Entregan una bolsa en premios por 465 mil pesos para 103 ganadores en diferentes categor\u00edas. Santa Clara del Cobre, mpio. de Salvador Escalante, Michoac\u00e1n, a 1 de agosto de 2017.-\u00a0En el marco de la clausura de la LII Feria Nacional del Cobre, el Instituto del Artesano Michoacano (IAM), el Fondo Nacional para el Fomento de [&hellip;]<\/p>\n","protected":false},"author":2,"featured_media":41275,"comment_status":"closed","ping_status":"closed","sticky":false,"template":"","format":"standard","meta":{"footnotes":""},"categories":[14,3,60],"tags":[],"class_list":["post-41274","post","type-post","status-publish","format-standard","has-post-thumbnail","hentry","category-destacadas","category-gobierno-del-estado-de-michoacan","category-michoacan"],"_links":{"self":[{"href":"https:\/\/radiowebmx.com\/nota\/wp-json\/wp\/v2\/posts\/41274","targetHints":{"allow":["GET"]}}],"collection":[{"href":"https:\/\/radiowebmx.com\/nota\/wp-json\/wp\/v2\/posts"}],"about":[{"href":"https:\/\/radiowebmx.com\/nota\/wp-json\/wp\/v2\/types\/post"}],"author":[{"embeddable":true,"href":"https:\/\/radiowebmx.com\/nota\/wp-json\/wp\/v2\/users\/2"}],"replies":[{"embeddable":true,"href":"https:\/\/radiowebmx.com\/nota\/wp-json\/wp\/v2\/comments?post=41274"}],"version-history":[{"count":1,"href":"https:\/\/radiowebmx.com\/nota\/wp-json\/wp\/v2\/posts\/41274\/revisions"}],"predecessor-version":[{"id":41278,"href":"https:\/\/radiowebmx.com\/nota\/wp-json\/wp\/v2\/posts\/41274\/revisions\/41278"}],"wp:featuredmedia":[{"embeddable":true,"href":"https:\/\/radiowebmx.com\/nota\/wp-json\/wp\/v2\/media\/41275"}],"wp:attachment":[{"href":"https:\/\/radiowebmx.com\/nota\/wp-json\/wp\/v2\/media?parent=41274"}],"wp:term":[{"taxonomy":"category","embeddable":true,"href":"https:\/\/radiowebmx.com\/nota\/wp-json\/wp\/v2\/categories?post=41274"},{"taxonomy":"post_tag","embeddable":true,"href":"https:\/\/radiowebmx.com\/nota\/wp-json\/wp\/v2\/tags?post=41274"}],"curies":[{"name":"wp","href":"https:\/\/api.w.org\/{rel}","templated":true}]}}