{"id":41232,"date":"2017-08-01T13:46:24","date_gmt":"2017-08-01T18:46:24","guid":{"rendered":"https:\/\/radiowebmx.com\/nota\/?p=41232"},"modified":"2017-08-01T13:47:47","modified_gmt":"2017-08-01T18:47:47","slug":"fortalece-gobernador-trabajo-conjunto-con-municipes","status":"publish","type":"post","link":"https:\/\/radiowebmx.com\/nota\/fortalece-gobernador-trabajo-conjunto-con-municipes\/","title":{"rendered":"Fortalece Gobernador trabajo conjunto con mun\u00edcipes"},"content":{"rendered":"<ul>\n<li>El mandatario Silvano Aureoles se re\u00fane con los presidentes municipales emanados del PRI, de quienes escucha sus inquietudes.<\/li>\n<\/ul>\n<div><\/div>\n<ul>\n<li>Coinciden en continuar trabajo coordinado para sacar adelante proyectos en favor de la poblaci\u00f3n.<\/li>\n<\/ul>\n<p><a href=\"https:\/\/radiowebmx.com\/nota\/wp-content\/uploads\/2017\/08\/84cd1ad0-c662-4574-87df-5d86b975af90.jpg\"><img loading=\"lazy\" decoding=\"async\" class=\"alignnone  wp-image-41233\" src=\"https:\/\/radiowebmx.com\/nota\/wp-content\/uploads\/2017\/08\/84cd1ad0-c662-4574-87df-5d86b975af90-595x396.jpg\" alt=\"\" width=\"400\" height=\"266\" srcset=\"https:\/\/radiowebmx.com\/nota\/wp-content\/uploads\/2017\/08\/84cd1ad0-c662-4574-87df-5d86b975af90-595x396.jpg 595w, https:\/\/radiowebmx.com\/nota\/wp-content\/uploads\/2017\/08\/84cd1ad0-c662-4574-87df-5d86b975af90-768x511.jpg 768w, https:\/\/radiowebmx.com\/nota\/wp-content\/uploads\/2017\/08\/84cd1ad0-c662-4574-87df-5d86b975af90-960x639.jpg 960w, https:\/\/radiowebmx.com\/nota\/wp-content\/uploads\/2017\/08\/84cd1ad0-c662-4574-87df-5d86b975af90-272x182.jpg 272w, https:\/\/radiowebmx.com\/nota\/wp-content\/uploads\/2017\/08\/84cd1ad0-c662-4574-87df-5d86b975af90.jpg 1280w\" sizes=\"auto, (max-width: 400px) 100vw, 400px\" \/><\/a><\/p>\n<p>El Gobernador Constitucional Silvano Aureoles Conejo, se reuni\u00f3 esta ma\u00f1ana con las y los presidentes municipales emanados del Partido Revolucionario Institucional (PRI), ante quienes reiter\u00f3 su disposici\u00f3n de seguir el trabajo conjunto y el di\u00e1logo respetuoso para consolidar proyectos en beneficio de la poblaci\u00f3n de las diferentes regiones de la entidad.<\/p>\n<p>En un marco de cordialidad, el mandatario estatal escuch\u00f3 en voz del coordinador de los alcaldes y mun\u00edcipe de Huiramba, Jos\u00e9 Humberto Garc\u00eda Dom\u00ednguez, las inquietudes de los asistentes y manifest\u00f3 su convicci\u00f3n de dar continuidad a los acuerdos institucionales y gestiones que permitan potenciar el desarrollo social y econ\u00f3mico de los municipios y sus habitantes.<\/p>\n<p>Por ello, durante este encuentro tambi\u00e9n se revisaron los temas de seguridad, obra p\u00fablica y las gestiones que se realizan en las distintas dependencias para materializar diversos proyectos sociales y de infraestructura.<\/p>\n<p><a href=\"https:\/\/radiowebmx.com\/nota\/wp-content\/uploads\/2017\/08\/8963871b-e420-46e3-891d-741d045bfffb.jpg\"><img loading=\"lazy\" decoding=\"async\" class=\"alignnone  wp-image-41234\" src=\"https:\/\/radiowebmx.com\/nota\/wp-content\/uploads\/2017\/08\/8963871b-e420-46e3-891d-741d045bfffb-595x396.jpg\" alt=\"\" width=\"400\" height=\"266\" srcset=\"https:\/\/radiowebmx.com\/nota\/wp-content\/uploads\/2017\/08\/8963871b-e420-46e3-891d-741d045bfffb-595x396.jpg 595w, https:\/\/radiowebmx.com\/nota\/wp-content\/uploads\/2017\/08\/8963871b-e420-46e3-891d-741d045bfffb-768x511.jpg 768w, https:\/\/radiowebmx.com\/nota\/wp-content\/uploads\/2017\/08\/8963871b-e420-46e3-891d-741d045bfffb-960x639.jpg 960w, https:\/\/radiowebmx.com\/nota\/wp-content\/uploads\/2017\/08\/8963871b-e420-46e3-891d-741d045bfffb-272x182.jpg 272w, https:\/\/radiowebmx.com\/nota\/wp-content\/uploads\/2017\/08\/8963871b-e420-46e3-891d-741d045bfffb.jpg 1280w\" sizes=\"auto, (max-width: 400px) 100vw, 400px\" \/><\/a><\/p>\n<p>Finalmente, las y los alcaldes invitaron al Gobernador a atestiguar los informes que rendir\u00e1n durante este mes con motivo de su segundo a\u00f1o de labores.<\/p>\n<p>Acompa\u00f1aron a Silvano Aureoles en esta reuni\u00f3n, el delegado de la Secretar\u00eda de Gobernaci\u00f3n, Enrique Martini Castillo; el vocal ejecutivo del Centro Estatal para el Desarrollo Municipal, Carlos Paredes Correa, y el subsecretario de Gobernaci\u00f3n estatal, Armando Hurtado Ar\u00e9valo.<\/p>\n<p><a href=\"https:\/\/radiowebmx.com\/nota\/wp-content\/uploads\/2017\/08\/5ed96948-66ab-423a-a756-c29ca2d8fe4d.jpg\"><img loading=\"lazy\" decoding=\"async\" class=\"alignnone  wp-image-41235\" src=\"https:\/\/radiowebmx.com\/nota\/wp-content\/uploads\/2017\/08\/5ed96948-66ab-423a-a756-c29ca2d8fe4d-595x396.jpg\" alt=\"\" width=\"400\" height=\"266\" srcset=\"https:\/\/radiowebmx.com\/nota\/wp-content\/uploads\/2017\/08\/5ed96948-66ab-423a-a756-c29ca2d8fe4d-595x396.jpg 595w, https:\/\/radiowebmx.com\/nota\/wp-content\/uploads\/2017\/08\/5ed96948-66ab-423a-a756-c29ca2d8fe4d-768x511.jpg 768w, https:\/\/radiowebmx.com\/nota\/wp-content\/uploads\/2017\/08\/5ed96948-66ab-423a-a756-c29ca2d8fe4d-960x639.jpg 960w, https:\/\/radiowebmx.com\/nota\/wp-content\/uploads\/2017\/08\/5ed96948-66ab-423a-a756-c29ca2d8fe4d-272x182.jpg 272w, https:\/\/radiowebmx.com\/nota\/wp-content\/uploads\/2017\/08\/5ed96948-66ab-423a-a756-c29ca2d8fe4d.jpg 1280w\" sizes=\"auto, (max-width: 400px) 100vw, 400px\" \/><\/a><\/p>\n","protected":false},"excerpt":{"rendered":"<p>El mandatario Silvano Aureoles se re\u00fane con los presidentes municipales emanados del PRI, de quienes escucha sus inquietudes. Coinciden en continuar trabajo coordinado para sacar adelante proyectos en favor de la poblaci\u00f3n. El Gobernador Constitucional Silvano Aureoles Conejo, se reuni\u00f3 esta ma\u00f1ana con las y los presidentes municipales emanados del Partido Revolucionario Institucional (PRI), ante [&hellip;]<\/p>\n","protected":false},"author":2,"featured_media":41235,"comment_status":"closed","ping_status":"closed","sticky":false,"template":"","format":"standard","meta":{"footnotes":""},"categories":[14,3,60],"tags":[],"class_list":["post-41232","post","type-post","status-publish","format-standard","has-post-thumbnail","hentry","category-destacadas","category-gobierno-del-estado-de-michoacan","category-michoacan"],"_links":{"self":[{"href":"https:\/\/radiowebmx.com\/nota\/wp-json\/wp\/v2\/posts\/41232","targetHints":{"allow":["GET"]}}],"collection":[{"href":"https:\/\/radiowebmx.com\/nota\/wp-json\/wp\/v2\/posts"}],"about":[{"href":"https:\/\/radiowebmx.com\/nota\/wp-json\/wp\/v2\/types\/post"}],"author":[{"embeddable":true,"href":"https:\/\/radiowebmx.com\/nota\/wp-json\/wp\/v2\/users\/2"}],"replies":[{"embeddable":true,"href":"https:\/\/radiowebmx.com\/nota\/wp-json\/wp\/v2\/comments?post=41232"}],"version-history":[{"count":2,"href":"https:\/\/radiowebmx.com\/nota\/wp-json\/wp\/v2\/posts\/41232\/revisions"}],"predecessor-version":[{"id":41237,"href":"https:\/\/radiowebmx.com\/nota\/wp-json\/wp\/v2\/posts\/41232\/revisions\/41237"}],"wp:featuredmedia":[{"embeddable":true,"href":"https:\/\/radiowebmx.com\/nota\/wp-json\/wp\/v2\/media\/41235"}],"wp:attachment":[{"href":"https:\/\/radiowebmx.com\/nota\/wp-json\/wp\/v2\/media?parent=41232"}],"wp:term":[{"taxonomy":"category","embeddable":true,"href":"https:\/\/radiowebmx.com\/nota\/wp-json\/wp\/v2\/categories?post=41232"},{"taxonomy":"post_tag","embeddable":true,"href":"https:\/\/radiowebmx.com\/nota\/wp-json\/wp\/v2\/tags?post=41232"}],"curies":[{"name":"wp","href":"https:\/\/api.w.org\/{rel}","templated":true}]}}