{"id":4120,"date":"2013-10-14T09:53:31","date_gmt":"2013-10-14T14:53:31","guid":{"rendered":"https:\/\/radiowebmx.com\/nota\/?p=4120"},"modified":"2013-10-14T09:54:57","modified_gmt":"2013-10-14T14:54:57","slug":"la-comision-de-derechos-humanos-continuara-con-el-analisis-del-presupuesto-de-la-cedh-para-el-2014-laura-gonzalez","status":"publish","type":"post","link":"https:\/\/radiowebmx.com\/nota\/la-comision-de-derechos-humanos-continuara-con-el-analisis-del-presupuesto-de-la-cedh-para-el-2014-laura-gonzalez\/","title":{"rendered":"La Comisi\u00f3n de Derechos Humanos continuar\u00e1 con el an\u00e1lisis del presupuesto de la CEDH para el 2014: Laura Gonz\u00e1lez"},"content":{"rendered":"<p><a href=\"https:\/\/radiowebmx.com\/nota\/wp-content\/uploads\/2013\/10\/dip.-Laura-Gonzalez-en-analisis-de-presupuesto.jpg\"><img loading=\"lazy\" decoding=\"async\" class=\"alignleft size-full wp-image-4123\" alt=\"dip. Laura Gonzalez en analisis de presupuesto\" src=\"https:\/\/radiowebmx.com\/nota\/wp-content\/uploads\/2013\/10\/dip.-Laura-Gonzalez-en-analisis-de-presupuesto.jpg\" width=\"591\" height=\"308\" \/><\/a>Como parte del fortalecimiento institucional, los integrantes de la Comisi\u00f3n de Derechos Humanos del Congreso del Estado, presidida por la diputada Laura Gonz\u00e1lez Mart\u00ednez; seguir\u00e1n con el an\u00e1lisis del presupuesto de la Comisi\u00f3n Estatal de los Derechos Humanos (CEDH), con el objetivo de analizar las necesidades presupuestarias para el ejercicio del 2014.<\/p>\n<p>Ante ello, la Presidenta de la Comisi\u00f3n legislativa en la entidad, Laura Gonz\u00e1lez Mart\u00ednez; se\u00f1al\u00f3 que es indispensable optimizar los recursos con los que cuente la CEDH, a fin de que funcione de una manera eficiente y productiva que permita fortalecer al \u00f3rgano y atender las necesidades que se presentan actualmente ante la ciudadan\u00eda michoacana.<\/p>\n<p>Es importante mencionar que en d\u00edas pasados, los integrantes de la Comisi\u00f3n dictaminadora, se reunieron con el Presidente de la CEDH, Mtro. Jos\u00e9 Mar\u00eda C\u00e1zares Sol\u00f3rzano, as\u00ed como tambi\u00e9n con el Consejo Honorario de la instituci\u00f3n, quienes aportaron informaci\u00f3n y criterios \u00a0sobre la ejecuci\u00f3n de programas que se estar\u00e1n desarrollando durante el pr\u00f3ximo a\u00f1o en el organismo estatal.<\/p>\n<p>Asimismo, la legisladora del blanquiazul se\u00f1al\u00f3 que resulta fundamental el que se fortalezcan los derechos humanos de los ciudadanos, generando el respecto y la defensa de los mismos, protegiendo las cuestiones prioritarias para un mejor funcionamiento de la instituci\u00f3n, as\u00ed como el optimizar los recursos para realizar el mejoramiento de las gestiones y atenci\u00f3n a los michoacanos.<\/p>\n<p>\u201cLa autonom\u00eda de la CEDH es importante, resulta indispensable el contar con un presupuesto y factible, ya que la situaci\u00f3n que prevalece en la entidad requiere de una seguridad privilegiada que resguarde los derechos humanos de los ciudadanos, por lo que seguiremos en el an\u00e1lisis del proyecto presupuestario y en pl\u00e1ticas con el Ejecutivo Estatal para su gesti\u00f3n y planteamiento de las necesidades del organismo, que permitan satisfacer las necesidades que se presenten, as\u00ed como defender los derechos de los ciudadanos\u201d, indic\u00f3 Gonz\u00e1lez Mart\u00ednez.<\/p>\n","protected":false},"excerpt":{"rendered":"<p>Como parte del fortalecimiento institucional, los integrantes de la Comisi\u00f3n de Derechos Humanos del Congreso del Estado, presidida por la diputada Laura Gonz\u00e1lez Mart\u00ednez<\/p>\n","protected":false},"author":1,"featured_media":0,"comment_status":"open","ping_status":"open","sticky":false,"template":"","format":"standard","meta":{"footnotes":""},"categories":[14,3],"tags":[],"class_list":["post-4120","post","type-post","status-publish","format-standard","hentry","category-destacadas","category-gobierno-del-estado-de-michoacan"],"_links":{"self":[{"href":"https:\/\/radiowebmx.com\/nota\/wp-json\/wp\/v2\/posts\/4120","targetHints":{"allow":["GET"]}}],"collection":[{"href":"https:\/\/radiowebmx.com\/nota\/wp-json\/wp\/v2\/posts"}],"about":[{"href":"https:\/\/radiowebmx.com\/nota\/wp-json\/wp\/v2\/types\/post"}],"author":[{"embeddable":true,"href":"https:\/\/radiowebmx.com\/nota\/wp-json\/wp\/v2\/users\/1"}],"replies":[{"embeddable":true,"href":"https:\/\/radiowebmx.com\/nota\/wp-json\/wp\/v2\/comments?post=4120"}],"version-history":[{"count":3,"href":"https:\/\/radiowebmx.com\/nota\/wp-json\/wp\/v2\/posts\/4120\/revisions"}],"predecessor-version":[{"id":4122,"href":"https:\/\/radiowebmx.com\/nota\/wp-json\/wp\/v2\/posts\/4120\/revisions\/4122"}],"wp:attachment":[{"href":"https:\/\/radiowebmx.com\/nota\/wp-json\/wp\/v2\/media?parent=4120"}],"wp:term":[{"taxonomy":"category","embeddable":true,"href":"https:\/\/radiowebmx.com\/nota\/wp-json\/wp\/v2\/categories?post=4120"},{"taxonomy":"post_tag","embeddable":true,"href":"https:\/\/radiowebmx.com\/nota\/wp-json\/wp\/v2\/tags?post=4120"}],"curies":[{"name":"wp","href":"https:\/\/api.w.org\/{rel}","templated":true}]}}