{"id":41166,"date":"2017-07-31T14:40:52","date_gmt":"2017-07-31T19:40:52","guid":{"rendered":"https:\/\/radiowebmx.com\/nota\/?p=41166"},"modified":"2017-07-31T14:42:38","modified_gmt":"2017-07-31T19:42:38","slug":"la-musica-y-cultura-se-apropian-de-los-espacios-publicos-en-morelia","status":"publish","type":"post","link":"https:\/\/radiowebmx.com\/nota\/la-musica-y-cultura-se-apropian-de-los-espacios-publicos-en-morelia\/","title":{"rendered":"La m\u00fasica y cultura se apropian de los espacios p\u00fablicos en Morelia"},"content":{"rendered":"<p>*Decenas de morelianos disfrutaron del concierto del cuarteto AD LIBITUM impulsado por la Secretar\u00eda de Cultura Municipal.<\/p>\n<p><a href=\"https:\/\/radiowebmx.com\/nota\/wp-content\/uploads\/2017\/07\/6cdd1065-1e92-4e71-911c-22d1cbfb8483.jpeg\"><img loading=\"lazy\" decoding=\"async\" class=\"alignnone  wp-image-41167\" src=\"https:\/\/radiowebmx.com\/nota\/wp-content\/uploads\/2017\/07\/6cdd1065-1e92-4e71-911c-22d1cbfb8483-595x446.jpeg\" alt=\"\" width=\"401\" height=\"301\" srcset=\"https:\/\/radiowebmx.com\/nota\/wp-content\/uploads\/2017\/07\/6cdd1065-1e92-4e71-911c-22d1cbfb8483-595x446.jpeg 595w, https:\/\/radiowebmx.com\/nota\/wp-content\/uploads\/2017\/07\/6cdd1065-1e92-4e71-911c-22d1cbfb8483-768x576.jpeg 768w, https:\/\/radiowebmx.com\/nota\/wp-content\/uploads\/2017\/07\/6cdd1065-1e92-4e71-911c-22d1cbfb8483-960x720.jpeg 960w, https:\/\/radiowebmx.com\/nota\/wp-content\/uploads\/2017\/07\/6cdd1065-1e92-4e71-911c-22d1cbfb8483.jpeg 1280w\" sizes=\"auto, (max-width: 401px) 100vw, 401px\" \/><\/a><\/p>\n<p>El Pograma \u201cEscenario Abierto\u201d ha llegado de manera oficial a la capital michoacana gracias al impulso de la Secretar\u00eda de Cultura Municipal, la cual este domingo present\u00f3 en la calle Nigromante, el concierto del Cuarteto Musical AD LIBITUM.<\/p>\n<p>Con esta nueva medida, la reci\u00e9n creada Secretar\u00eda Municipal pone a disposici\u00f3n de los ciudadanos la estrategia \u201cDomingos de M\u00fasica Abierta\u201d, en la cual el \u00faltimo domingo de cada mes se ofrecer\u00e1 a los morelianos un concierto en la calle Nigromante y el Jard\u00edn de las Rosas, para fomentar la cultura y la convivencia familiar.<\/p>\n<p>En este tenor, Ignacio Tena Vences, Director de Promoci\u00f3n y Vinculaci\u00f3n Interinstitucional de esta dependencia, dijo que estas estrategias son resultado del impulso del Presidente Municipal de Morelia, Alfonso Mart\u00ednez Alc\u00e1zar, para convertir a la capital michoacana en el m\u00e1ximo referente de Cultura del pa\u00eds, y adem\u00e1s adelant\u00f3 que son s\u00f3lo el inicio de la nutrida oferta que tendr\u00e1 la Secretar\u00eda de Cultura Municipal para la ciudadan\u00eda.<\/p>\n<p><a href=\"https:\/\/radiowebmx.com\/nota\/wp-content\/uploads\/2017\/07\/d176db87-97b7-4524-b3b7-7858fb2da464.jpeg\"><img loading=\"lazy\" decoding=\"async\" class=\"alignnone  wp-image-41168\" src=\"https:\/\/radiowebmx.com\/nota\/wp-content\/uploads\/2017\/07\/d176db87-97b7-4524-b3b7-7858fb2da464-595x446.jpeg\" alt=\"\" width=\"399\" height=\"300\" srcset=\"https:\/\/radiowebmx.com\/nota\/wp-content\/uploads\/2017\/07\/d176db87-97b7-4524-b3b7-7858fb2da464-595x446.jpeg 595w, https:\/\/radiowebmx.com\/nota\/wp-content\/uploads\/2017\/07\/d176db87-97b7-4524-b3b7-7858fb2da464-768x576.jpeg 768w, https:\/\/radiowebmx.com\/nota\/wp-content\/uploads\/2017\/07\/d176db87-97b7-4524-b3b7-7858fb2da464-960x720.jpeg 960w, https:\/\/radiowebmx.com\/nota\/wp-content\/uploads\/2017\/07\/d176db87-97b7-4524-b3b7-7858fb2da464.jpeg 1280w\" sizes=\"auto, (max-width: 399px) 100vw, 399px\" \/><\/a><\/p>\n<div>\n<p>\u201cTendremos danza abierta, baile y literatura para que tanto morelianos como visitantes, disfruten de este nuevo concepto a trav\u00e9s de interpretaciones de calidad\u201d, indic\u00f3 \u00a0el funcionario municipal.<\/p>\n<p>Anticip\u00f3 que ya se tiene proyectado quien dar\u00e1 este concierto abierto en el siguiente mes para el goce de los morelianos y se trata del maestro jazzista Juan Alzate.<\/p>\n<p>En punto del medio d\u00eda de este domingo, decenas de familias morelianas disfrutaron de la elegante m\u00fasica del mencionado cuarteto, atestiguando un centro hist\u00f3rico ocupado por ni\u00f1os, j\u00f3venes y adultos, quienes convirtieron los espacios p\u00fablicos en \u00e1reas de sana convivencia, m\u00fasica, arte y cultura.<\/p>\n<\/div>\n","protected":false},"excerpt":{"rendered":"<p>*Decenas de morelianos disfrutaron del concierto del cuarteto AD LIBITUM impulsado por la Secretar\u00eda de Cultura Municipal. El Pograma \u201cEscenario Abierto\u201d ha llegado de manera oficial a la capital michoacana gracias al impulso de la Secretar\u00eda de Cultura Municipal, la cual este domingo present\u00f3 en la calle Nigromante, el concierto del Cuarteto Musical AD LIBITUM. [&hellip;]<\/p>\n","protected":false},"author":2,"featured_media":41168,"comment_status":"closed","ping_status":"closed","sticky":false,"template":"","format":"standard","meta":{"footnotes":""},"categories":[9],"tags":[],"class_list":["post-41166","post","type-post","status-publish","format-standard","has-post-thumbnail","hentry","category-morelia"],"_links":{"self":[{"href":"https:\/\/radiowebmx.com\/nota\/wp-json\/wp\/v2\/posts\/41166","targetHints":{"allow":["GET"]}}],"collection":[{"href":"https:\/\/radiowebmx.com\/nota\/wp-json\/wp\/v2\/posts"}],"about":[{"href":"https:\/\/radiowebmx.com\/nota\/wp-json\/wp\/v2\/types\/post"}],"author":[{"embeddable":true,"href":"https:\/\/radiowebmx.com\/nota\/wp-json\/wp\/v2\/users\/2"}],"replies":[{"embeddable":true,"href":"https:\/\/radiowebmx.com\/nota\/wp-json\/wp\/v2\/comments?post=41166"}],"version-history":[{"count":2,"href":"https:\/\/radiowebmx.com\/nota\/wp-json\/wp\/v2\/posts\/41166\/revisions"}],"predecessor-version":[{"id":41171,"href":"https:\/\/radiowebmx.com\/nota\/wp-json\/wp\/v2\/posts\/41166\/revisions\/41171"}],"wp:featuredmedia":[{"embeddable":true,"href":"https:\/\/radiowebmx.com\/nota\/wp-json\/wp\/v2\/media\/41168"}],"wp:attachment":[{"href":"https:\/\/radiowebmx.com\/nota\/wp-json\/wp\/v2\/media?parent=41166"}],"wp:term":[{"taxonomy":"category","embeddable":true,"href":"https:\/\/radiowebmx.com\/nota\/wp-json\/wp\/v2\/categories?post=41166"},{"taxonomy":"post_tag","embeddable":true,"href":"https:\/\/radiowebmx.com\/nota\/wp-json\/wp\/v2\/tags?post=41166"}],"curies":[{"name":"wp","href":"https:\/\/api.w.org\/{rel}","templated":true}]}}