{"id":41152,"date":"2017-07-28T14:59:23","date_gmt":"2017-07-28T19:59:23","guid":{"rendered":"https:\/\/radiowebmx.com\/nota\/?p=41152"},"modified":"2017-07-28T15:00:08","modified_gmt":"2017-07-28T20:00:08","slug":"gobierno-municipal-embellecera-mas-espacios-publicos-del-centro-de-morelia","status":"publish","type":"post","link":"https:\/\/radiowebmx.com\/nota\/gobierno-municipal-embellecera-mas-espacios-publicos-del-centro-de-morelia\/","title":{"rendered":"Gobierno Municipal embellecer\u00e1 m\u00e1s espacios p\u00fablicos del Centro de Morelia"},"content":{"rendered":"<p><a href=\"https:\/\/radiowebmx.com\/nota\/wp-content\/uploads\/2017\/07\/08bd6f26-dcd1-4b3a-8b01-b6bd3b078bdf.jpg\"><img loading=\"lazy\" decoding=\"async\" class=\"alignnone  wp-image-41154\" src=\"https:\/\/radiowebmx.com\/nota\/wp-content\/uploads\/2017\/07\/08bd6f26-dcd1-4b3a-8b01-b6bd3b078bdf-595x396.jpg\" alt=\"\" width=\"400\" height=\"266\" srcset=\"https:\/\/radiowebmx.com\/nota\/wp-content\/uploads\/2017\/07\/08bd6f26-dcd1-4b3a-8b01-b6bd3b078bdf-595x396.jpg 595w, https:\/\/radiowebmx.com\/nota\/wp-content\/uploads\/2017\/07\/08bd6f26-dcd1-4b3a-8b01-b6bd3b078bdf-272x182.jpg 272w, https:\/\/radiowebmx.com\/nota\/wp-content\/uploads\/2017\/07\/08bd6f26-dcd1-4b3a-8b01-b6bd3b078bdf.jpg 709w\" sizes=\"auto, (max-width: 400px) 100vw, 400px\" \/><\/a><\/p>\n<p>&nbsp;<\/p>\n<ul>\n<li><strong>Con apoyo de la Federaci\u00f3n, se invertir\u00e1n m\u00e1s de 15 millones de pesos para el mejoramiento de sitios emblem\u00e1ticos.<\/strong><\/li>\n<\/ul>\n<p>&nbsp;<\/p>\n<p>Con una inversi\u00f3n de 15 millones 400 mil pesos, el Ayuntamiento capitalino, embellecer\u00e1 este a\u00f1o cuatro espacios emblem\u00e1ticos del Primer Cuadro de la ciudad, lo que abonar\u00e1 a la conservaci\u00f3n del patrimonio cultural de los morelianos.<\/p>\n<p>Se trata de los proyectos de Mejoramiento de la Imagen Urbana del Entorno del Mercado Revoluci\u00f3n, la Rehabilitaci\u00f3n de las fuentes de la Plaza Melchor Ocampo, as\u00ed como la Restauraci\u00f3n de las plazas y fuentes del Gallo y del \u00c1ngel, ubicadas en el Centro Hist\u00f3rico, subray\u00f3 el Secretario de Efectividad e Innovaci\u00f3n Gubernamental, Antonio Plaza Urbina.<\/p>\n<p>Lo anterior luego de que el Cabildo avalara este jueves en Sesi\u00f3n Extraordinaria, la modificaci\u00f3n del Programa Anual de Inversi\u00f3n (PAI) 2017, donde se contempla la realizaci\u00f3n de 28 obras nuevas, entre las que destacan las antes mencionadas.<br \/>\n<a href=\"https:\/\/radiowebmx.com\/nota\/wp-content\/uploads\/2017\/07\/e4d7cfd2-f1a5-4730-b59a-9f7cf280c5a2.jpg\"><img loading=\"lazy\" decoding=\"async\" class=\" wp-image-41155\" src=\"https:\/\/radiowebmx.com\/nota\/wp-content\/uploads\/2017\/07\/e4d7cfd2-f1a5-4730-b59a-9f7cf280c5a2-595x446.jpg\" alt=\"\" width=\"399\" height=\"300\" srcset=\"https:\/\/radiowebmx.com\/nota\/wp-content\/uploads\/2017\/07\/e4d7cfd2-f1a5-4730-b59a-9f7cf280c5a2-595x446.jpg 595w, https:\/\/radiowebmx.com\/nota\/wp-content\/uploads\/2017\/07\/e4d7cfd2-f1a5-4730-b59a-9f7cf280c5a2.jpg 709w\" sizes=\"auto, (max-width: 399px) 100vw, 399px\" \/><\/a><\/p>\n<p>&nbsp;<\/p>\n<p>El funcionario municipal, detall\u00f3 que ser\u00e1 a trav\u00e9s del Convenio de Colaboraci\u00f3n para la Aplicaci\u00f3n y Operaci\u00f3n del Apoyo a las Ciudades Mexicanas Patrimonio Mundial tanto con el Consejo Nacional para la Cultura y las Artes (CONACULTA) en conjunto con la Direcci\u00f3n General de Sitios y Monumentos del Patrimonio Cultural, que se ejecutar\u00e1n los proyectos en el Mercado Revoluci\u00f3n, as\u00ed como en las fuentes de la Plaza Melchor Ocampo; la primera, con un monto de 4 millones 941 mil pesos y la segunda, con recursos superiores a los 10 millones de pesos.<\/p>\n<p>Asimismo, con un convenio similar pero con el Fondo Nacional para la Cultura y las Artes (FONCA), el Gobierno Municipal, emprender\u00e1 la restauraci\u00f3n de las plazas y fuentes del Gallo y del \u00c1ngel, cuya inversi\u00f3n de ambas ascender\u00e1 a 393 mil 624 pesos.<\/p>\n<p>Plaza Urbina, enfatiz\u00f3 que estas obras resultan prioritarias para el Presidente Municipal, Alfonso Mart\u00ednez Alc\u00e1zar, toda vez que est\u00e1n orientadas a favorecer la imagen del Primer Cuadro y preservar los bienes tangibles e intangibles de la capital del estado.<\/p>\n<p>\u201cSon obras muy importantes y etiquetadas desde la Federaci\u00f3n para apoyar a las Ciudades Mexicanas Patrimonio Mundial, como lo es Morelia desde el a\u00f1o 1991, y las cuales son necesarias para mantener en buen estado estos espacios p\u00fablicos que son emblem\u00e1ticos para los morelianos\u201d, a\u00f1adi\u00f3.<\/p>\n<p>Para culminar, resalt\u00f3 el inter\u00e9s del Gobierno Independiente que encabeza el Alcalde, Alfonso Mart\u00ednez, por planear obras que resulten ben\u00e9ficas para el grueso de la poblaci\u00f3n y que permitan destacar la belleza de la ciudad.<\/p>\n","protected":false},"excerpt":{"rendered":"<p>&nbsp; Con apoyo de la Federaci\u00f3n, se invertir\u00e1n m\u00e1s de 15 millones de pesos para el mejoramiento de sitios emblem\u00e1ticos. &nbsp; Con una inversi\u00f3n de 15 millones 400 mil pesos, el Ayuntamiento capitalino, embellecer\u00e1 este a\u00f1o cuatro espacios emblem\u00e1ticos del Primer Cuadro de la ciudad, lo que abonar\u00e1 a la conservaci\u00f3n del patrimonio cultural de [&hellip;]<\/p>\n","protected":false},"author":2,"featured_media":41153,"comment_status":"closed","ping_status":"closed","sticky":false,"template":"","format":"standard","meta":{"footnotes":""},"categories":[14,60,9],"tags":[],"class_list":["post-41152","post","type-post","status-publish","format-standard","has-post-thumbnail","hentry","category-destacadas","category-michoacan","category-morelia"],"_links":{"self":[{"href":"https:\/\/radiowebmx.com\/nota\/wp-json\/wp\/v2\/posts\/41152","targetHints":{"allow":["GET"]}}],"collection":[{"href":"https:\/\/radiowebmx.com\/nota\/wp-json\/wp\/v2\/posts"}],"about":[{"href":"https:\/\/radiowebmx.com\/nota\/wp-json\/wp\/v2\/types\/post"}],"author":[{"embeddable":true,"href":"https:\/\/radiowebmx.com\/nota\/wp-json\/wp\/v2\/users\/2"}],"replies":[{"embeddable":true,"href":"https:\/\/radiowebmx.com\/nota\/wp-json\/wp\/v2\/comments?post=41152"}],"version-history":[{"count":1,"href":"https:\/\/radiowebmx.com\/nota\/wp-json\/wp\/v2\/posts\/41152\/revisions"}],"predecessor-version":[{"id":41156,"href":"https:\/\/radiowebmx.com\/nota\/wp-json\/wp\/v2\/posts\/41152\/revisions\/41156"}],"wp:featuredmedia":[{"embeddable":true,"href":"https:\/\/radiowebmx.com\/nota\/wp-json\/wp\/v2\/media\/41153"}],"wp:attachment":[{"href":"https:\/\/radiowebmx.com\/nota\/wp-json\/wp\/v2\/media?parent=41152"}],"wp:term":[{"taxonomy":"category","embeddable":true,"href":"https:\/\/radiowebmx.com\/nota\/wp-json\/wp\/v2\/categories?post=41152"},{"taxonomy":"post_tag","embeddable":true,"href":"https:\/\/radiowebmx.com\/nota\/wp-json\/wp\/v2\/tags?post=41152"}],"curies":[{"name":"wp","href":"https:\/\/api.w.org\/{rel}","templated":true}]}}