{"id":41119,"date":"2017-07-27T16:39:41","date_gmt":"2017-07-27T21:39:41","guid":{"rendered":"https:\/\/radiowebmx.com\/nota\/?p=41119"},"modified":"2017-07-28T12:47:21","modified_gmt":"2017-07-28T17:47:21","slug":"necesario-generar-una-cultura-de-inclusion-sigala","status":"publish","type":"post","link":"https:\/\/radiowebmx.com\/nota\/necesario-generar-una-cultura-de-inclusion-sigala\/","title":{"rendered":"Necesario generar una cultura de inclusi\u00f3n: Sigala"},"content":{"rendered":"<p><a href=\"https:\/\/radiowebmx.com\/nota\/wp-content\/uploads\/2017\/07\/Comunicado-1048-3.jpg\"><img loading=\"lazy\" decoding=\"async\" class=\"alignnone  wp-image-41121\" src=\"https:\/\/radiowebmx.com\/nota\/wp-content\/uploads\/2017\/07\/Comunicado-1048-3-595x397.jpg\" alt=\"\" width=\"402\" height=\"268\" srcset=\"https:\/\/radiowebmx.com\/nota\/wp-content\/uploads\/2017\/07\/Comunicado-1048-3-595x397.jpg 595w, https:\/\/radiowebmx.com\/nota\/wp-content\/uploads\/2017\/07\/Comunicado-1048-3-272x182.jpg 272w, https:\/\/radiowebmx.com\/nota\/wp-content\/uploads\/2017\/07\/Comunicado-1048-3.jpg 709w\" sizes=\"auto, (max-width: 402px) 100vw, 402px\" \/><\/a><\/p>\n<p>&nbsp;<\/p>\n<p class=\"x_gmail-MsoNoSpacing\"><b>Morelia; Michoac\u00e1n, 27 de julio de 2017.- \u00a0\u00a0\u00a0<\/b>Resulta necesario generar mejores condiciones, mecanismos y una cultura de tolerancia y apoyo para conformar una sociedad incluyente que ponga en el centro el respeto a los derechos humanos, \u00a0se\u00f1al\u00f3 el diputado Pascual Sigala P\u00e1ez, Presidente de la Mesa Directiva del Congreso del Estado, durante su visita al Centro de Rehabilitaci\u00f3n Infantil Telet\u00f3n (CRIT) Michoac\u00e1n.<\/p>\n<p class=\"x_gmail-MsoNoSpacing\">El legislador en compa\u00f1\u00eda de Luis Antonio Amparano Zatara\u00edn, Director General del CRIT y la Doctora Tatiana Cruz Lira, directora M\u00e9dica de dicha instituci\u00f3n en la entidad, realiz\u00f3 un recorrido por las instalaciones del centro de rehabilitaci\u00f3n que actualmente atiende a 750 ni\u00f1os y j\u00f3venes del estado de Michoac\u00e1n, Guerrero y Guanajuato.<\/p>\n<p class=\"x_gmail-MsoNoSpacing\">En este sentido el diputado expres\u00f3 que en la entidad existe la Ley para la inclusi\u00f3n de las Personas con Discapacidad en el Estado de Michoac\u00e1n, la cual entre otras cuestiones obliga a establecer programas y acciones de promoci\u00f3n de respeto, protecci\u00f3n y garant\u00edas de los derechos humanos; as\u00ed como la capacitaci\u00f3n del personal adscrito a las dependencias para la correcta atenci\u00f3n de las personas con discapacidad.<\/p>\n<p>&nbsp;<\/p>\n<p><a href=\"https:\/\/radiowebmx.com\/nota\/wp-content\/uploads\/2017\/07\/Comunicado-1048-5.jpg\"><img loading=\"lazy\" decoding=\"async\" class=\"alignnone  wp-image-41122\" src=\"https:\/\/radiowebmx.com\/nota\/wp-content\/uploads\/2017\/07\/Comunicado-1048-5-595x389.jpg\" alt=\"\" width=\"401\" height=\"262\" srcset=\"https:\/\/radiowebmx.com\/nota\/wp-content\/uploads\/2017\/07\/Comunicado-1048-5-595x389.jpg 595w, https:\/\/radiowebmx.com\/nota\/wp-content\/uploads\/2017\/07\/Comunicado-1048-5.jpg 709w\" sizes=\"auto, (max-width: 401px) 100vw, 401px\" \/><\/a><\/p>\n<p>&nbsp;<\/p>\n<p class=\"x_gmail-MsoNoSpacing\">Asimismo, destac\u00f3 por su parte el Poder Legislativo seguir\u00e1 perfeccionando las leyes para que los grupos vulnerables tangan certeza y garant\u00eda que sus derechos ser\u00e1n respetados, as\u00ed como mejorando las condiciones para que logren un desarrollo integral en la sociedad.<\/p>\n<p class=\"x_gmail-MsoNoSpacing\">Cabe destacar que en su recorrido, Pascual Sigala escuch\u00f3 las problem\u00e1ticas de las familias que acuden a la instituci\u00f3n para atender a sus ni\u00f1os con discapacidad y mejorar su calidad de vida, y refrend\u00f3 su compromiso de seguir trabajando en favor de los michoacanos, sobre todo por los grupos m\u00e1s vulnerables de la sociedad.<b>\u00a0<\/b><\/p>\n","protected":false},"excerpt":{"rendered":"<p>&nbsp; Morelia; Michoac\u00e1n, 27 de julio de 2017.- \u00a0\u00a0\u00a0Resulta necesario generar mejores condiciones, mecanismos y una cultura de tolerancia y apoyo para conformar una sociedad incluyente que ponga en el centro el respeto a los derechos humanos, \u00a0se\u00f1al\u00f3 el diputado Pascual Sigala P\u00e1ez, Presidente de la Mesa Directiva del Congreso del Estado, durante su visita [&hellip;]<\/p>\n","protected":false},"author":2,"featured_media":41120,"comment_status":"closed","ping_status":"closed","sticky":false,"template":"","format":"standard","meta":{"footnotes":""},"categories":[6,14,19],"tags":[],"class_list":["post-41119","post","type-post","status-publish","format-standard","has-post-thumbnail","hentry","category-congreso-del-estado","category-destacadas","category-grupo-parlamentario-del-prd"],"_links":{"self":[{"href":"https:\/\/radiowebmx.com\/nota\/wp-json\/wp\/v2\/posts\/41119","targetHints":{"allow":["GET"]}}],"collection":[{"href":"https:\/\/radiowebmx.com\/nota\/wp-json\/wp\/v2\/posts"}],"about":[{"href":"https:\/\/radiowebmx.com\/nota\/wp-json\/wp\/v2\/types\/post"}],"author":[{"embeddable":true,"href":"https:\/\/radiowebmx.com\/nota\/wp-json\/wp\/v2\/users\/2"}],"replies":[{"embeddable":true,"href":"https:\/\/radiowebmx.com\/nota\/wp-json\/wp\/v2\/comments?post=41119"}],"version-history":[{"count":1,"href":"https:\/\/radiowebmx.com\/nota\/wp-json\/wp\/v2\/posts\/41119\/revisions"}],"predecessor-version":[{"id":41123,"href":"https:\/\/radiowebmx.com\/nota\/wp-json\/wp\/v2\/posts\/41119\/revisions\/41123"}],"wp:featuredmedia":[{"embeddable":true,"href":"https:\/\/radiowebmx.com\/nota\/wp-json\/wp\/v2\/media\/41120"}],"wp:attachment":[{"href":"https:\/\/radiowebmx.com\/nota\/wp-json\/wp\/v2\/media?parent=41119"}],"wp:term":[{"taxonomy":"category","embeddable":true,"href":"https:\/\/radiowebmx.com\/nota\/wp-json\/wp\/v2\/categories?post=41119"},{"taxonomy":"post_tag","embeddable":true,"href":"https:\/\/radiowebmx.com\/nota\/wp-json\/wp\/v2\/tags?post=41119"}],"curies":[{"name":"wp","href":"https:\/\/api.w.org\/{rel}","templated":true}]}}