{"id":41107,"date":"2017-07-27T15:38:31","date_gmt":"2017-07-27T20:38:31","guid":{"rendered":"https:\/\/radiowebmx.com\/nota\/?p=41107"},"modified":"2017-07-28T10:53:38","modified_gmt":"2017-07-28T15:53:38","slug":"se-suma-el-zoologico-de-morelia-a-conmemoracion-del-centenario-de-la-constitucion","status":"publish","type":"post","link":"https:\/\/radiowebmx.com\/nota\/se-suma-el-zoologico-de-morelia-a-conmemoracion-del-centenario-de-la-constitucion\/","title":{"rendered":"Se suma el Zool\u00f3gico de Morelia a conmemoraci\u00f3n del Centenario de la Constituci\u00f3n"},"content":{"rendered":"<p><a href=\"https:\/\/radiowebmx.com\/nota\/wp-content\/uploads\/2017\/07\/c99b6000-136e-4b28-8bbd-951df302158c.jpeg\"><img loading=\"lazy\" decoding=\"async\" class=\"alignnone  wp-image-41109\" src=\"https:\/\/radiowebmx.com\/nota\/wp-content\/uploads\/2017\/07\/c99b6000-136e-4b28-8bbd-951df302158c-595x396.jpeg\" alt=\"\" width=\"401\" height=\"267\" srcset=\"https:\/\/radiowebmx.com\/nota\/wp-content\/uploads\/2017\/07\/c99b6000-136e-4b28-8bbd-951df302158c-595x396.jpeg 595w, https:\/\/radiowebmx.com\/nota\/wp-content\/uploads\/2017\/07\/c99b6000-136e-4b28-8bbd-951df302158c-272x182.jpeg 272w, https:\/\/radiowebmx.com\/nota\/wp-content\/uploads\/2017\/07\/c99b6000-136e-4b28-8bbd-951df302158c.jpeg 709w\" sizes=\"auto, (max-width: 401px) 100vw, 401px\" \/><\/a><\/p>\n<p>&nbsp;<\/p>\n<p><strong>Morelia, Michoac\u00e1n, a 27 de julio de 2017.-<\/strong>\u00a0Directivos del Parque Zool\u00f3gico \u201cBenito Ju\u00e1rez\u201d, autoridades estatales y el diputado federal Waldo Fern\u00e1ndez Gonz\u00e1lez, iniciaron una serie de actividades encaminadas a conmemorar en Michoac\u00e1n el Centenario de la Constituci\u00f3n Mexicana.<\/p>\n<p>El director del recinto faun\u00edstico, Josu\u00e9 Rangel D\u00edaz, encabez\u00f3 las pl\u00e1ticas y proyecciones audiovisuales alusivas a la conmemoraci\u00f3n del Centenario de la Constituci\u00f3n. En este marco, destac\u00f3 la importancia de la educaci\u00f3n c\u00edvica en las nuevas generaciones.<\/p>\n<p>Durante el evento, cientos de ni\u00f1os disfrutaron de videos animados y recibieron un kit que consta de un reconocimiento, un cuadernillo ilustrativo y alusivo a la Constituci\u00f3n y una playera con el estampado de art\u00edculos de la Carta Magna.<\/p>\n<p>Por su parte, la subsecretaria de Enlace Legislativo y Asuntos Registrales de la Secretar\u00eda de Gobierno y secretaria t\u00e9cnica de la Comisi\u00f3n para la Conmemoraci\u00f3n del Centenario de la Constituci\u00f3n, Ver\u00f3nica Garc\u00eda Reyes, reconoci\u00f3 al diputado Waldo Fern\u00e1ndez por elegir a Michoac\u00e1n para poner en marcha esta importante labor.<\/p>\n<p>Por su parte, el diputado Fern\u00e1ndez Gonz\u00e1lez llam\u00f3 a respetar y hacer valer los derechos ciudadanos, a conocer la Constituci\u00f3n y a construir una sociedad en la que prevalezcan la sana convivencia y el bien com\u00fan.<\/p>\n","protected":false},"excerpt":{"rendered":"<p>&nbsp; Morelia, Michoac\u00e1n, a 27 de julio de 2017.-\u00a0Directivos del Parque Zool\u00f3gico \u201cBenito Ju\u00e1rez\u201d, autoridades estatales y el diputado federal Waldo Fern\u00e1ndez Gonz\u00e1lez, iniciaron una serie de actividades encaminadas a conmemorar en Michoac\u00e1n el Centenario de la Constituci\u00f3n Mexicana. El director del recinto faun\u00edstico, Josu\u00e9 Rangel D\u00edaz, encabez\u00f3 las pl\u00e1ticas y proyecciones audiovisuales alusivas a [&hellip;]<\/p>\n","protected":false},"author":2,"featured_media":41108,"comment_status":"closed","ping_status":"closed","sticky":false,"template":"","format":"standard","meta":{"footnotes":""},"categories":[14,3,60],"tags":[],"class_list":["post-41107","post","type-post","status-publish","format-standard","has-post-thumbnail","hentry","category-destacadas","category-gobierno-del-estado-de-michoacan","category-michoacan"],"_links":{"self":[{"href":"https:\/\/radiowebmx.com\/nota\/wp-json\/wp\/v2\/posts\/41107","targetHints":{"allow":["GET"]}}],"collection":[{"href":"https:\/\/radiowebmx.com\/nota\/wp-json\/wp\/v2\/posts"}],"about":[{"href":"https:\/\/radiowebmx.com\/nota\/wp-json\/wp\/v2\/types\/post"}],"author":[{"embeddable":true,"href":"https:\/\/radiowebmx.com\/nota\/wp-json\/wp\/v2\/users\/2"}],"replies":[{"embeddable":true,"href":"https:\/\/radiowebmx.com\/nota\/wp-json\/wp\/v2\/comments?post=41107"}],"version-history":[{"count":1,"href":"https:\/\/radiowebmx.com\/nota\/wp-json\/wp\/v2\/posts\/41107\/revisions"}],"predecessor-version":[{"id":41110,"href":"https:\/\/radiowebmx.com\/nota\/wp-json\/wp\/v2\/posts\/41107\/revisions\/41110"}],"wp:featuredmedia":[{"embeddable":true,"href":"https:\/\/radiowebmx.com\/nota\/wp-json\/wp\/v2\/media\/41108"}],"wp:attachment":[{"href":"https:\/\/radiowebmx.com\/nota\/wp-json\/wp\/v2\/media?parent=41107"}],"wp:term":[{"taxonomy":"category","embeddable":true,"href":"https:\/\/radiowebmx.com\/nota\/wp-json\/wp\/v2\/categories?post=41107"},{"taxonomy":"post_tag","embeddable":true,"href":"https:\/\/radiowebmx.com\/nota\/wp-json\/wp\/v2\/tags?post=41107"}],"curies":[{"name":"wp","href":"https:\/\/api.w.org\/{rel}","templated":true}]}}