{"id":41092,"date":"2017-07-27T16:04:06","date_gmt":"2017-07-27T21:04:06","guid":{"rendered":"https:\/\/radiowebmx.com\/nota\/?p=41092"},"modified":"2017-07-28T10:23:07","modified_gmt":"2017-07-28T15:23:07","slug":"con-palomas-mensajeras-adultos-mayores-de-penjamillo-se-reencuentran-con-su-familia-en-eu","status":"publish","type":"post","link":"https:\/\/radiowebmx.com\/nota\/con-palomas-mensajeras-adultos-mayores-de-penjamillo-se-reencuentran-con-su-familia-en-eu\/","title":{"rendered":"Con Palomas Mensajeras, adultos mayores de Penjamillo se reencuentran con su familia en EU"},"content":{"rendered":"<p><a href=\"https:\/\/radiowebmx.com\/nota\/wp-content\/uploads\/2017\/07\/06edaa77-58da-4d30-8ee0-3948c5fc692f.jpg\"><img loading=\"lazy\" decoding=\"async\" class=\"alignnone  wp-image-41094\" src=\"https:\/\/radiowebmx.com\/nota\/wp-content\/uploads\/2017\/07\/06edaa77-58da-4d30-8ee0-3948c5fc692f-595x446.jpg\" alt=\"\" width=\"398\" height=\"299\" srcset=\"https:\/\/radiowebmx.com\/nota\/wp-content\/uploads\/2017\/07\/06edaa77-58da-4d30-8ee0-3948c5fc692f-595x446.jpg 595w, https:\/\/radiowebmx.com\/nota\/wp-content\/uploads\/2017\/07\/06edaa77-58da-4d30-8ee0-3948c5fc692f.jpg 709w\" sizes=\"auto, (max-width: 398px) 100vw, 398px\" \/><\/a><\/p>\n<p>&nbsp;<\/p>\n<p><strong>Morelia, Michoac\u00e1n, a 27 de julio de 2017.-<\/strong>\u00a0Michoac\u00e1n contin\u00faa consolid\u00e1ndose como el estado de la Rep\u00fablica m\u00e1s sobresaliente del programa humanitario de reunificaci\u00f3n familiar Palomas Mensajeras, dirigido a adultos mayores para que se reencuentren con sus hijos e hijas radicados en Estados Unidos.<\/p>\n<p>En esta ocasi\u00f3n, 22 adultos mayores originarios de Penjamillo viajaron este jueves a California, donde durante tres semanas convivir\u00e1n con sus familiares radicados en ese estado, a quienes \u2013en algunos casos- no ve\u00edan desde hace d\u00e9cadas.<\/p>\n<p>Esta acci\u00f3n fus posible gracias al trabajo coordinado entre el Gobierno de Michoac\u00e1n, que encabeza Silvano Aureoles Conejo, a trav\u00e9s de la Secretar\u00eda del Migrante (Semigrante) y en coordinaci\u00f3n con la Embajada de Estados Unidos en M\u00e9xico, autoridades consulares de San Jos\u00e9 y San Francisco, California, el Ayuntamiento de Penjamillo y migrantes organizados de ese municipio.<\/p>\n<p>Al respecto, el titular de la Semigrante, Jos\u00e9 Luis Guti\u00e9rrez, -quien acompa\u00f1a a los adultos mayores- indic\u00f3 que una instrucci\u00f3n del Gobernador Silvano Aureoles Conejo es trabajar todos los d\u00edas por los migrantes y los adultos mayores de Michoac\u00e1n.<\/p>\n<p>Por \u00faltimo, el funcionario estatal agradeci\u00f3 el apoyo y esfuerzo de los c\u00f3nsules de Asuntos Comunitarios y de Documentaci\u00f3n, Julio C\u00e9sar Huerta Garc\u00eda y C\u00e9sar Manuel Zulaica Pi\u00f1eyro, respectivamente; del secretario del Ayuntamiento de Penjamillo, Jos\u00e9 Rub\u00e9n Arellano; y de la presidenta del Club de Migrantes \u201cVanguardia Revolucionaria en el Norte de California\u201d, Carolina Serv\u00edn Vargas.<\/p>\n","protected":false},"excerpt":{"rendered":"<p>&nbsp; Morelia, Michoac\u00e1n, a 27 de julio de 2017.-\u00a0Michoac\u00e1n contin\u00faa consolid\u00e1ndose como el estado de la Rep\u00fablica m\u00e1s sobresaliente del programa humanitario de reunificaci\u00f3n familiar Palomas Mensajeras, dirigido a adultos mayores para que se reencuentren con sus hijos e hijas radicados en Estados Unidos. En esta ocasi\u00f3n, 22 adultos mayores originarios de Penjamillo viajaron este [&hellip;]<\/p>\n","protected":false},"author":2,"featured_media":41093,"comment_status":"closed","ping_status":"closed","sticky":false,"template":"","format":"standard","meta":{"footnotes":""},"categories":[14,3,60],"tags":[],"class_list":["post-41092","post","type-post","status-publish","format-standard","has-post-thumbnail","hentry","category-destacadas","category-gobierno-del-estado-de-michoacan","category-michoacan"],"_links":{"self":[{"href":"https:\/\/radiowebmx.com\/nota\/wp-json\/wp\/v2\/posts\/41092","targetHints":{"allow":["GET"]}}],"collection":[{"href":"https:\/\/radiowebmx.com\/nota\/wp-json\/wp\/v2\/posts"}],"about":[{"href":"https:\/\/radiowebmx.com\/nota\/wp-json\/wp\/v2\/types\/post"}],"author":[{"embeddable":true,"href":"https:\/\/radiowebmx.com\/nota\/wp-json\/wp\/v2\/users\/2"}],"replies":[{"embeddable":true,"href":"https:\/\/radiowebmx.com\/nota\/wp-json\/wp\/v2\/comments?post=41092"}],"version-history":[{"count":1,"href":"https:\/\/radiowebmx.com\/nota\/wp-json\/wp\/v2\/posts\/41092\/revisions"}],"predecessor-version":[{"id":41095,"href":"https:\/\/radiowebmx.com\/nota\/wp-json\/wp\/v2\/posts\/41092\/revisions\/41095"}],"wp:featuredmedia":[{"embeddable":true,"href":"https:\/\/radiowebmx.com\/nota\/wp-json\/wp\/v2\/media\/41093"}],"wp:attachment":[{"href":"https:\/\/radiowebmx.com\/nota\/wp-json\/wp\/v2\/media?parent=41092"}],"wp:term":[{"taxonomy":"category","embeddable":true,"href":"https:\/\/radiowebmx.com\/nota\/wp-json\/wp\/v2\/categories?post=41092"},{"taxonomy":"post_tag","embeddable":true,"href":"https:\/\/radiowebmx.com\/nota\/wp-json\/wp\/v2\/tags?post=41092"}],"curies":[{"name":"wp","href":"https:\/\/api.w.org\/{rel}","templated":true}]}}