{"id":41085,"date":"2017-07-27T19:20:45","date_gmt":"2017-07-28T00:20:45","guid":{"rendered":"https:\/\/radiowebmx.com\/nota\/?p=41085"},"modified":"2017-07-28T10:12:39","modified_gmt":"2017-07-28T15:12:39","slug":"instalan-comite-de-contraloria-social-en-la-univim","status":"publish","type":"post","link":"https:\/\/radiowebmx.com\/nota\/instalan-comite-de-contraloria-social-en-la-univim\/","title":{"rendered":"Instalan Comit\u00e9 de Contralor\u00eda Social en la Univim"},"content":{"rendered":"<p><a href=\"https:\/\/radiowebmx.com\/nota\/wp-content\/uploads\/2017\/07\/3e43f7f3-fa82-4e7e-9faa-d96620ec7e38.jpeg\"><img loading=\"lazy\" decoding=\"async\" class=\"alignnone  wp-image-41087\" src=\"https:\/\/radiowebmx.com\/nota\/wp-content\/uploads\/2017\/07\/3e43f7f3-fa82-4e7e-9faa-d96620ec7e38-595x305.jpeg\" alt=\"\" width=\"400\" height=\"205\" srcset=\"https:\/\/radiowebmx.com\/nota\/wp-content\/uploads\/2017\/07\/3e43f7f3-fa82-4e7e-9faa-d96620ec7e38-595x305.jpeg 595w, https:\/\/radiowebmx.com\/nota\/wp-content\/uploads\/2017\/07\/3e43f7f3-fa82-4e7e-9faa-d96620ec7e38.jpeg 709w\" sizes=\"auto, (max-width: 400px) 100vw, 400px\" \/><\/a><\/p>\n<ul>\n<li><strong>Vigilar\u00e1 la construcci\u00f3n de tres laboratorios experimentales en la casa de estudios, que de esta manera ratifica su compromiso con la transparencia y la rendici\u00f3n de cuentas.<\/strong><\/li>\n<\/ul>\n<p>&nbsp;<\/p>\n<p><strong>Morelia, Michoac\u00e1n, a 27 de julio de 2017<\/strong>.-\u00a0Con el objetivo de vigilar y garantizar la correcta aplicaci\u00f3n de los recursos p\u00fablicos, tal como lo ha instruido el Gobernador Silvano Aureoles Conejo, este jueves fue instalado el Comit\u00e9 de Contralor\u00eda Social para la supervisi\u00f3n de la construcci\u00f3n de los laboratorios experimentales de Energ\u00edas Renovables, Multimedia y Multidisciplinario de la Universidad Virtual del Estado de Michoac\u00e1n (Univim).<\/p>\n<p>Dicho comit\u00e9 qued\u00f3 conformado por la rectora Silvia Mendoza Valenzuela, quien ser\u00e1 presidenta del mismo; el resto de los integrantes son los directivos de la casa de estudios Enrique Navarro Navarro, Sergio S. Moreno Vargas y Celia Roc\u00edo Vel\u00e1zquez Albarr\u00e1n.<\/p>\n<p>El comit\u00e9 se har\u00e1 cargo de solicitar la informaci\u00f3n p\u00fablica relacionada con la construcci\u00f3n de la obra, adem\u00e1s de vigilar que se difunda la informaci\u00f3n suficiente, veraz y oportuna sobre la misma; vigilar que el ejercicio de los recursos p\u00fablicos sea oportuno, transparente y con apego al proyecto; que la obra no se utilice con fines pol\u00edticos, electorales, de lucro u otro distinto, as\u00ed como que se cumpla con los periodos de ejecuci\u00f3n y entrega.<\/p>\n<p>Adem\u00e1s, vigilar\u00e1 que las autoridades competentes den atenci\u00f3n a las quejas y denuncias de la ciudadan\u00eda relacionadas con la obra y registrar en c\u00e9dulas los resultados de las actividades de la Contralor\u00eda Ciudadana realizadas, as\u00ed como dar seguimiento a los mismos.<\/p>\n<p>Cabe mencionar que la construcci\u00f3n de los laboratorios se realiza con recurso federal gestionado por el Gobernador Silvano Aureoles Conejo ante la C\u00e1mara de Diputados, a trav\u00e9s de la legisladora federal Araceli Saucedo Reyes, secretaria de la Comisi\u00f3n de Infraestructura. Derivado de las reglas de operaci\u00f3n, los recursos fueron enviados al Ayuntamiento de Morelia, que se hizo cargo de su aplicaci\u00f3n.<\/p>\n","protected":false},"excerpt":{"rendered":"<p>Vigilar\u00e1 la construcci\u00f3n de tres laboratorios experimentales en la casa de estudios, que de esta manera ratifica su compromiso con la transparencia y la rendici\u00f3n de cuentas. &nbsp; Morelia, Michoac\u00e1n, a 27 de julio de 2017.-\u00a0Con el objetivo de vigilar y garantizar la correcta aplicaci\u00f3n de los recursos p\u00fablicos, tal como lo ha instruido el [&hellip;]<\/p>\n","protected":false},"author":2,"featured_media":41086,"comment_status":"closed","ping_status":"closed","sticky":false,"template":"","format":"standard","meta":{"footnotes":""},"categories":[14,3,60],"tags":[],"class_list":["post-41085","post","type-post","status-publish","format-standard","has-post-thumbnail","hentry","category-destacadas","category-gobierno-del-estado-de-michoacan","category-michoacan"],"_links":{"self":[{"href":"https:\/\/radiowebmx.com\/nota\/wp-json\/wp\/v2\/posts\/41085","targetHints":{"allow":["GET"]}}],"collection":[{"href":"https:\/\/radiowebmx.com\/nota\/wp-json\/wp\/v2\/posts"}],"about":[{"href":"https:\/\/radiowebmx.com\/nota\/wp-json\/wp\/v2\/types\/post"}],"author":[{"embeddable":true,"href":"https:\/\/radiowebmx.com\/nota\/wp-json\/wp\/v2\/users\/2"}],"replies":[{"embeddable":true,"href":"https:\/\/radiowebmx.com\/nota\/wp-json\/wp\/v2\/comments?post=41085"}],"version-history":[{"count":1,"href":"https:\/\/radiowebmx.com\/nota\/wp-json\/wp\/v2\/posts\/41085\/revisions"}],"predecessor-version":[{"id":41088,"href":"https:\/\/radiowebmx.com\/nota\/wp-json\/wp\/v2\/posts\/41085\/revisions\/41088"}],"wp:featuredmedia":[{"embeddable":true,"href":"https:\/\/radiowebmx.com\/nota\/wp-json\/wp\/v2\/media\/41086"}],"wp:attachment":[{"href":"https:\/\/radiowebmx.com\/nota\/wp-json\/wp\/v2\/media?parent=41085"}],"wp:term":[{"taxonomy":"category","embeddable":true,"href":"https:\/\/radiowebmx.com\/nota\/wp-json\/wp\/v2\/categories?post=41085"},{"taxonomy":"post_tag","embeddable":true,"href":"https:\/\/radiowebmx.com\/nota\/wp-json\/wp\/v2\/tags?post=41085"}],"curies":[{"name":"wp","href":"https:\/\/api.w.org\/{rel}","templated":true}]}}