{"id":41022,"date":"2017-07-26T15:02:40","date_gmt":"2017-07-26T20:02:40","guid":{"rendered":"https:\/\/radiowebmx.com\/nota\/?p=41022"},"modified":"2017-07-27T10:42:51","modified_gmt":"2017-07-27T15:42:51","slug":"gobierno-evalua-de-manera-permanente-acciones-de-seguridad-adrian-lopez","status":"publish","type":"post","link":"https:\/\/radiowebmx.com\/nota\/gobierno-evalua-de-manera-permanente-acciones-de-seguridad-adrian-lopez\/","title":{"rendered":"Gobierno eval\u00faa de manera permanente acciones de seguridad: Adri\u00e1n L\u00f3pez"},"content":{"rendered":"<p><a href=\"https:\/\/radiowebmx.com\/nota\/wp-content\/uploads\/2017\/07\/c241799c-f90c-457a-ae3f-631541015cd4.jpeg\"><img loading=\"lazy\" decoding=\"async\" class=\"alignnone  wp-image-41024\" src=\"https:\/\/radiowebmx.com\/nota\/wp-content\/uploads\/2017\/07\/c241799c-f90c-457a-ae3f-631541015cd4-595x352.jpeg\" alt=\"\" width=\"401\" height=\"237\" srcset=\"https:\/\/radiowebmx.com\/nota\/wp-content\/uploads\/2017\/07\/c241799c-f90c-457a-ae3f-631541015cd4-595x352.jpeg 595w, https:\/\/radiowebmx.com\/nota\/wp-content\/uploads\/2017\/07\/c241799c-f90c-457a-ae3f-631541015cd4.jpeg 709w\" sizes=\"auto, (max-width: 401px) 100vw, 401px\" \/><\/a><\/p>\n<p>&nbsp;<\/p>\n<p><strong>Uruapan, Michoac\u00e1n, a 26 de julio de 2017.-\u00a0<\/strong>La seguridad p\u00fablica es una de las prioridades de la administraci\u00f3n que encabeza el Gobernador Silvano Aureoles Conejo, por lo que las acciones en esta materia son evaluadas de manera permanente, afirm\u00f3 el secretario de Gobierno, Adri\u00e1n L\u00f3pez Sol\u00eds.<\/p>\n<p>Al encabezar las reuniones de trabajo del Grupo de Coordinaci\u00f3n para la Seguridad en las regiones de Zamora y Uruapan, el encargado de la pol\u00edtica interna manifest\u00f3 que se da seguimiento puntual a la estrategia de seguridad implementada por los tres \u00f3rdenes de gobierno.<\/p>\n<p>&#8220;La seguridad p\u00fablica es el principal inter\u00e9s de la poblaci\u00f3n, por lo que las operaciones que despliegan las corporaciones requieren una revisi\u00f3n y evaluaci\u00f3n\u00a0 permanente&#8221;, subray\u00f3 el secretario de Gobierno.<br \/>\n<a href=\"https:\/\/radiowebmx.com\/nota\/wp-content\/uploads\/2017\/07\/4aad8347-e42a-45d7-ab9f-3ed145f2d925.jpeg\"><img loading=\"lazy\" decoding=\"async\" class=\"alignnone  wp-image-41025\" src=\"https:\/\/radiowebmx.com\/nota\/wp-content\/uploads\/2017\/07\/4aad8347-e42a-45d7-ab9f-3ed145f2d925-595x446.jpeg\" alt=\"\" width=\"401\" height=\"301\" srcset=\"https:\/\/radiowebmx.com\/nota\/wp-content\/uploads\/2017\/07\/4aad8347-e42a-45d7-ab9f-3ed145f2d925-595x446.jpeg 595w, https:\/\/radiowebmx.com\/nota\/wp-content\/uploads\/2017\/07\/4aad8347-e42a-45d7-ab9f-3ed145f2d925.jpeg 709w\" sizes=\"auto, (max-width: 401px) 100vw, 401px\" \/><\/a><\/p>\n<p>&nbsp;<\/p>\n<p>De igual manera, y junto con los presidentes municipales de Zamora y Uruapan, Jos\u00e9 Carlos Lugo God\u00ednez y V\u00edctor Manuel Manr\u00edquez Gonz\u00e1lez, respectivamente, L\u00f3pez Sol\u00eds revis\u00f3 los avances en los operativos realizados por las instancias de seguridad municipales, estatales y federales durante la \u00faltima semana, as\u00ed como un informe de la Procuradur\u00eda General de la Rep\u00fablica presentado por la delegada en la entidad, Bertha Paredes Gardu\u00f1o.<\/p>\n<p>En las reuniones estuvieron presentes Fernando Castro Miranda, delegado del Cisen; el titular de la Procuradur\u00eda General de Justicia del Estado (PGJE), Jos\u00e9 Mart\u00edn Godoy Castro; el secretario de Seguridad P\u00fablica, Juan Bernardo Corona Mart\u00ednez; el subsecretario de Seguridad P\u00fablica, Carlos G\u00f3mez Arrieta; el coordinador general de Fiscal\u00edas de la PGJE, Marco Aurelio Nava; adem\u00e1s de funcionarios federales, estatales y municipales.<\/p>\n","protected":false},"excerpt":{"rendered":"<p>&nbsp; Uruapan, Michoac\u00e1n, a 26 de julio de 2017.-\u00a0La seguridad p\u00fablica es una de las prioridades de la administraci\u00f3n que encabeza el Gobernador Silvano Aureoles Conejo, por lo que las acciones en esta materia son evaluadas de manera permanente, afirm\u00f3 el secretario de Gobierno, Adri\u00e1n L\u00f3pez Sol\u00eds. Al encabezar las reuniones de trabajo del Grupo [&hellip;]<\/p>\n","protected":false},"author":2,"featured_media":41023,"comment_status":"closed","ping_status":"closed","sticky":false,"template":"","format":"standard","meta":{"footnotes":""},"categories":[14,3,60],"tags":[],"class_list":["post-41022","post","type-post","status-publish","format-standard","has-post-thumbnail","hentry","category-destacadas","category-gobierno-del-estado-de-michoacan","category-michoacan"],"_links":{"self":[{"href":"https:\/\/radiowebmx.com\/nota\/wp-json\/wp\/v2\/posts\/41022","targetHints":{"allow":["GET"]}}],"collection":[{"href":"https:\/\/radiowebmx.com\/nota\/wp-json\/wp\/v2\/posts"}],"about":[{"href":"https:\/\/radiowebmx.com\/nota\/wp-json\/wp\/v2\/types\/post"}],"author":[{"embeddable":true,"href":"https:\/\/radiowebmx.com\/nota\/wp-json\/wp\/v2\/users\/2"}],"replies":[{"embeddable":true,"href":"https:\/\/radiowebmx.com\/nota\/wp-json\/wp\/v2\/comments?post=41022"}],"version-history":[{"count":1,"href":"https:\/\/radiowebmx.com\/nota\/wp-json\/wp\/v2\/posts\/41022\/revisions"}],"predecessor-version":[{"id":41026,"href":"https:\/\/radiowebmx.com\/nota\/wp-json\/wp\/v2\/posts\/41022\/revisions\/41026"}],"wp:featuredmedia":[{"embeddable":true,"href":"https:\/\/radiowebmx.com\/nota\/wp-json\/wp\/v2\/media\/41023"}],"wp:attachment":[{"href":"https:\/\/radiowebmx.com\/nota\/wp-json\/wp\/v2\/media?parent=41022"}],"wp:term":[{"taxonomy":"category","embeddable":true,"href":"https:\/\/radiowebmx.com\/nota\/wp-json\/wp\/v2\/categories?post=41022"},{"taxonomy":"post_tag","embeddable":true,"href":"https:\/\/radiowebmx.com\/nota\/wp-json\/wp\/v2\/tags?post=41022"}],"curies":[{"name":"wp","href":"https:\/\/api.w.org\/{rel}","templated":true}]}}