{"id":410,"date":"2012-11-27T10:47:04","date_gmt":"2012-11-27T16:47:04","guid":{"rendered":"https:\/\/radiowebmx.com\/nota\/?p=410"},"modified":"2012-11-27T10:47:04","modified_gmt":"2012-11-27T16:47:04","slug":"vista-el-rector-de-la-uiim-la-preparatoria-intercultural-de-santa-fe-de-la-laguna","status":"publish","type":"post","link":"https:\/\/radiowebmx.com\/nota\/vista-el-rector-de-la-uiim-la-preparatoria-intercultural-de-santa-fe-de-la-laguna\/","title":{"rendered":"VISTA EL RECTOR DE LA UIIM LA PREPARATORIA INTERCULTURAL DE SANTA FE DE LA LAGUNA"},"content":{"rendered":"<p><img loading=\"lazy\" decoding=\"async\" class=\"alignnone\" src=\"http:\/\/img96.imageshack.us\/img96\/3082\/img6296pg.jpg\" alt=\"\" width=\"591\" height=\"279\" \/>El rector de la Universidad Intercultural Ind\u00edgena de Michoac\u00e1n, Ireneo Rojas Hern\u00e1ndez, acompa\u00f1ado del secretario de Pueblos Ind\u00edgenas, Alejandro Avil\u00e9s Reyes, visitaron la preparatoria intercultural de esta comunidad, en donde la Dr. Bertha Dimas Huacuz, hizo una explicaci\u00f3n cronol\u00f3gica de la instituci\u00f3n con el objetivo de que los acompa\u00f1en en la gesti\u00f3n ante la Universidad Michoacana de San Nicol\u00e1s de Hidalgo (UMSNH), la federaci\u00f3n y el estado, para contar con mayores recursos.<\/p>\n<p>A decir de la Dr. Bertha Dimas la preparatoria que es incorporada a la UMSNH, cuenta con 70 alumnos de las comunidades de San Jer\u00f3nimo, San Andr\u00e9s y Santa Fe de la Laguna y lament\u00f3 que en este ciclo escolar algunos j\u00f3venes de la regi\u00f3n que demandaban ingreso no pudieron incorporarse por falta de infraestructura.<\/p>\n<p>Dimas Huacuz, resalt\u00f3 que los docentes son egresados de la UMSNH y algunos originarios de las comunidades de Ukasan\u00e1stico, Tir\u00edndaro y Comachu\u00e9n.<\/p>\n<p>En respuesta el Rector de la UIIM, resalt\u00f3 la disposici\u00f3n para hacer gestiones de la mano con alumnos y docentes de la preparatoria, adem\u00e1s del compromiso de que esta semana la Universidad les donar\u00e1 anaqueles para libros, toda vez que una de las carencias es que el material bibliogr\u00e1fico lo tienen en cajas, porque no cuentan con libreros.<\/p>\n<p>Ireneo Rojas, dijo cada vez que lo soliciten la UIIM puede enviar investigadores para darles conferencias, ponencias o asesor\u00edas a los j\u00f3venes en temas de su inter\u00e9s, adem\u00e1s de darles a conocer la oferta educativa con que cuenta la Universidad.<\/p>\n<p>Durante la visita estuvieron presentes por parte de la UIIM, Juan Ignacio C\u00e1rdenas, director Acad\u00e9mico; \u00a0Juan Carlos Huacuz, coordinadores del \u00e1rea de Tronco Com\u00fan; Jorge Antonio Joaqu\u00edn, encargado de los Diplomados de Lengua P\u00b4urh\u00e9pecha y Virginia Mart\u00ednez, jefa del Departamento de Recursos Materiales, Servicios Generales e Inform\u00e1tica.<\/p>\n","protected":false},"excerpt":{"rendered":"<p>El rector de la Universidad Intercultural Ind\u00edgena de Michoac\u00e1n, Ireneo Rojas Hern\u00e1ndez, acompa\u00f1ado del secretario de Pueblos Ind\u00edgenas, Alejandro Avil\u00e9s Reyes, visitaron la preparatoria intercultural de esta comunidad, en donde la Dr. Bertha Dimas Huacuz, hizo una explicaci\u00f3n cronol\u00f3gica de la instituci\u00f3n con el objetivo de que los acompa\u00f1en en la gesti\u00f3n ante la Universidad [&hellip;]<\/p>\n","protected":false},"author":1,"featured_media":0,"comment_status":"open","ping_status":"open","sticky":false,"template":"","format":"standard","meta":{"footnotes":""},"categories":[3],"tags":[],"class_list":["post-410","post","type-post","status-publish","format-standard","hentry","category-gobierno-del-estado-de-michoacan"],"_links":{"self":[{"href":"https:\/\/radiowebmx.com\/nota\/wp-json\/wp\/v2\/posts\/410","targetHints":{"allow":["GET"]}}],"collection":[{"href":"https:\/\/radiowebmx.com\/nota\/wp-json\/wp\/v2\/posts"}],"about":[{"href":"https:\/\/radiowebmx.com\/nota\/wp-json\/wp\/v2\/types\/post"}],"author":[{"embeddable":true,"href":"https:\/\/radiowebmx.com\/nota\/wp-json\/wp\/v2\/users\/1"}],"replies":[{"embeddable":true,"href":"https:\/\/radiowebmx.com\/nota\/wp-json\/wp\/v2\/comments?post=410"}],"version-history":[{"count":2,"href":"https:\/\/radiowebmx.com\/nota\/wp-json\/wp\/v2\/posts\/410\/revisions"}],"predecessor-version":[{"id":412,"href":"https:\/\/radiowebmx.com\/nota\/wp-json\/wp\/v2\/posts\/410\/revisions\/412"}],"wp:attachment":[{"href":"https:\/\/radiowebmx.com\/nota\/wp-json\/wp\/v2\/media?parent=410"}],"wp:term":[{"taxonomy":"category","embeddable":true,"href":"https:\/\/radiowebmx.com\/nota\/wp-json\/wp\/v2\/categories?post=410"},{"taxonomy":"post_tag","embeddable":true,"href":"https:\/\/radiowebmx.com\/nota\/wp-json\/wp\/v2\/tags?post=410"}],"curies":[{"name":"wp","href":"https:\/\/api.w.org\/{rel}","templated":true}]}}