{"id":40916,"date":"2017-07-25T22:37:04","date_gmt":"2017-07-26T03:37:04","guid":{"rendered":"https:\/\/radiowebmx.com\/nota\/?p=40916"},"modified":"2017-07-26T11:47:27","modified_gmt":"2017-07-26T16:47:27","slug":"intensifica-campanas-medicas-gratuitas-belinda-iturbide-en-su-distrito-de-puruandiro","status":"publish","type":"post","link":"https:\/\/radiowebmx.com\/nota\/intensifica-campanas-medicas-gratuitas-belinda-iturbide-en-su-distrito-de-puruandiro\/","title":{"rendered":"Intensifica campa\u00f1as m\u00e9dicas gratuitas Belinda Iturbide en su distrito de Puru\u00e1ndiro"},"content":{"rendered":"<p><a href=\"https:\/\/radiowebmx.com\/nota\/wp-content\/uploads\/2017\/07\/20427878_10154989891053315_234516851_n.jpg\"><img loading=\"lazy\" decoding=\"async\" class=\"alignnone  wp-image-40921\" src=\"https:\/\/radiowebmx.com\/nota\/wp-content\/uploads\/2017\/07\/20427878_10154989891053315_234516851_n-595x446.jpg\" alt=\"\" width=\"401\" height=\"301\" srcset=\"https:\/\/radiowebmx.com\/nota\/wp-content\/uploads\/2017\/07\/20427878_10154989891053315_234516851_n-595x446.jpg 595w, https:\/\/radiowebmx.com\/nota\/wp-content\/uploads\/2017\/07\/20427878_10154989891053315_234516851_n.jpg 709w\" sizes=\"auto, (max-width: 401px) 100vw, 401px\" \/><\/a><\/p>\n<p>&nbsp;<\/p>\n<p><strong>Morelia; Michoac\u00e1n, 25 de julio de 2017.- \u00a0<\/strong>Con el objetivo de fortalecer la atenci\u00f3n a la poblaci\u00f3n de su distrito de Puru\u00e1ndiro, la diputada local Belinda Iturbide D\u00edaz reforz\u00f3 las campa\u00f1as de salud en su regi\u00f3n, consciente de que la salud es un factor fundamental para el bienestar de las y los michoacanos.<\/p>\n<p>Al poner en marcha las brigadas de salud que est\u00e1n recorriendo diversas colonias y comunidades de Puru\u00e1ndiro y los municipios que conforman su distrito, la diputada m\u00e9dica de profesi\u00f3n subray\u00f3 que la labor legislativa no puede estar alejada de la atenci\u00f3n directa a la poblaci\u00f3n, ya que es necesaria para generar mejores condiciones para el desarrollo y bienestar de las y los michoacanos.<\/p>\n<p>En ese sentido, indic\u00f3 que uno de esos factores indispensables para el bienestar de la poblaci\u00f3n es la salud, pues sin la atenci\u00f3n y los cuidados necesarios la integridad de las personas merma y sus capacidades para desarrollarse se ven limitadas.<\/p>\n<p>&nbsp;<\/p>\n<p><a href=\"https:\/\/radiowebmx.com\/nota\/wp-content\/uploads\/2017\/07\/20428004_10154989891073315_2049791996_n.jpg\"><img loading=\"lazy\" decoding=\"async\" class=\"alignnone  wp-image-40922\" src=\"https:\/\/radiowebmx.com\/nota\/wp-content\/uploads\/2017\/07\/20428004_10154989891073315_2049791996_n-595x446.jpg\" alt=\"\" width=\"399\" height=\"300\" srcset=\"https:\/\/radiowebmx.com\/nota\/wp-content\/uploads\/2017\/07\/20428004_10154989891073315_2049791996_n-595x446.jpg 595w, https:\/\/radiowebmx.com\/nota\/wp-content\/uploads\/2017\/07\/20428004_10154989891073315_2049791996_n.jpg 709w\" sizes=\"auto, (max-width: 399px) 100vw, 399px\" \/><\/a><\/p>\n<p>&nbsp;<\/p>\n<p>Por ello, como diputada adem\u00e1s de impulsar propuestas como la reci\u00e9n aprobada por el pleno de la LXXIII Legislatura para garantizar el derecho a la salud de las y los michoacanos que est\u00e1 consagrado en nuestra Carta Magna, paralelamente realiza estas campa\u00f1as de manera constante, a trav\u00e9s de las que se ofrece atenci\u00f3n m\u00e9dica gratuita a la poblaci\u00f3n.<\/p>\n<p>Belinda Iturbide indic\u00f3 que a trav\u00e9s de las brigadas m\u00e9dicas gratuitas que realiza en su distrito con el apoyo de especialistas se ofrece a la ciudadan\u00eda consultas en medicina general, atenci\u00f3n odontol\u00f3gica y se otorgan los f\u00e1rmacos a quienes despu\u00e9s de la valoraci\u00f3n lo requieran.<\/p>\n<p>\u201cEn estas jornadas tambi\u00e9n se brinda informaci\u00f3n sobre la medicina preventiva para las personas mayores, para fortalecer la atenci\u00f3n primaria con enfoques para el cuidado de los adultos.\u00a0 La salud contin\u00faa como uno de los temas prioritarios para la LXXIII Legislatura local, desde la cual se han hecho importantes aportaciones en la materia para el estado\u201d.<\/p>\n<p>Paralelamente indic\u00f3 que tambi\u00e9n apoya con el traslado de pacientes de su distrito a los hospitales de Morelia, esto a trav\u00e9s del programa que puso en marcha en el que tambi\u00e9n se brinda subsidio econ\u00f3mico para los medicamentos.<\/p>\n<p>La diputada local, integrante del Grupo Parlamentario del PRD en la LXXIII Legislatura Local, reiter\u00f3 que se tienen a disposici\u00f3n de los ciudadanos varias unidades m\u00f3viles, a trav\u00e9s de la cuales se traslada a los pacientes de la regi\u00f3n de Puru\u00e1ndiro, de escasos recursos econ\u00f3micos, a los hospitales de Morelia, a fin de que reciban atenci\u00f3n m\u00e9dica.<\/p>\n<p>Durante estas acciones tambi\u00e9n el personal de su casa de gesti\u00f3n, apoya a los pacientes en los tr\u00e1mites para que puedan ingresar a los nosocomios, en los que casos de quienes por su situaci\u00f3n de salud se les dificulta, por lo que se le da continuidad de que se les atienda y se les acompa\u00f1a de manera directa en sus tratamientos.<\/p>\n","protected":false},"excerpt":{"rendered":"<p>&nbsp; Morelia; Michoac\u00e1n, 25 de julio de 2017.- \u00a0Con el objetivo de fortalecer la atenci\u00f3n a la poblaci\u00f3n de su distrito de Puru\u00e1ndiro, la diputada local Belinda Iturbide D\u00edaz reforz\u00f3 las campa\u00f1as de salud en su regi\u00f3n, consciente de que la salud es un factor fundamental para el bienestar de las y los michoacanos. Al [&hellip;]<\/p>\n","protected":false},"author":2,"featured_media":40920,"comment_status":"closed","ping_status":"closed","sticky":false,"template":"","format":"standard","meta":{"footnotes":""},"categories":[6,14,19],"tags":[],"class_list":["post-40916","post","type-post","status-publish","format-standard","has-post-thumbnail","hentry","category-congreso-del-estado","category-destacadas","category-grupo-parlamentario-del-prd"],"_links":{"self":[{"href":"https:\/\/radiowebmx.com\/nota\/wp-json\/wp\/v2\/posts\/40916","targetHints":{"allow":["GET"]}}],"collection":[{"href":"https:\/\/radiowebmx.com\/nota\/wp-json\/wp\/v2\/posts"}],"about":[{"href":"https:\/\/radiowebmx.com\/nota\/wp-json\/wp\/v2\/types\/post"}],"author":[{"embeddable":true,"href":"https:\/\/radiowebmx.com\/nota\/wp-json\/wp\/v2\/users\/2"}],"replies":[{"embeddable":true,"href":"https:\/\/radiowebmx.com\/nota\/wp-json\/wp\/v2\/comments?post=40916"}],"version-history":[{"count":1,"href":"https:\/\/radiowebmx.com\/nota\/wp-json\/wp\/v2\/posts\/40916\/revisions"}],"predecessor-version":[{"id":40923,"href":"https:\/\/radiowebmx.com\/nota\/wp-json\/wp\/v2\/posts\/40916\/revisions\/40923"}],"wp:featuredmedia":[{"embeddable":true,"href":"https:\/\/radiowebmx.com\/nota\/wp-json\/wp\/v2\/media\/40920"}],"wp:attachment":[{"href":"https:\/\/radiowebmx.com\/nota\/wp-json\/wp\/v2\/media?parent=40916"}],"wp:term":[{"taxonomy":"category","embeddable":true,"href":"https:\/\/radiowebmx.com\/nota\/wp-json\/wp\/v2\/categories?post=40916"},{"taxonomy":"post_tag","embeddable":true,"href":"https:\/\/radiowebmx.com\/nota\/wp-json\/wp\/v2\/tags?post=40916"}],"curies":[{"name":"wp","href":"https:\/\/api.w.org\/{rel}","templated":true}]}}