{"id":40887,"date":"2017-07-25T17:36:30","date_gmt":"2017-07-25T22:36:30","guid":{"rendered":"https:\/\/radiowebmx.com\/nota\/?p=40887"},"modified":"2017-07-26T10:46:54","modified_gmt":"2017-07-26T15:46:54","slug":"gobierno-municipal-construye-espacios-para-fortalecer-el-tejido-social","status":"publish","type":"post","link":"https:\/\/radiowebmx.com\/nota\/gobierno-municipal-construye-espacios-para-fortalecer-el-tejido-social\/","title":{"rendered":"Gobierno Municipal construye espacios para fortalecer el tejido social"},"content":{"rendered":"<p><a href=\"https:\/\/radiowebmx.com\/nota\/wp-content\/uploads\/2017\/07\/4175c758-fb4e-489c-9c83-f6fed8942931.jpg\"><img loading=\"lazy\" decoding=\"async\" class=\"alignnone  wp-image-40889\" src=\"https:\/\/radiowebmx.com\/nota\/wp-content\/uploads\/2017\/07\/4175c758-fb4e-489c-9c83-f6fed8942931-595x396.jpg\" alt=\"\" width=\"400\" height=\"266\" srcset=\"https:\/\/radiowebmx.com\/nota\/wp-content\/uploads\/2017\/07\/4175c758-fb4e-489c-9c83-f6fed8942931-595x396.jpg 595w, https:\/\/radiowebmx.com\/nota\/wp-content\/uploads\/2017\/07\/4175c758-fb4e-489c-9c83-f6fed8942931-272x182.jpg 272w, https:\/\/radiowebmx.com\/nota\/wp-content\/uploads\/2017\/07\/4175c758-fb4e-489c-9c83-f6fed8942931.jpg 709w\" sizes=\"auto, (max-width: 400px) 100vw, 400px\" \/><\/a><\/p>\n<ul>\n<li><strong>Concluye la tercera etapa de la construcci\u00f3n del Auditorio Cultural Wenceslao Victoria.<\/strong><\/li>\n<li><strong>Esta obra beneficiar\u00e1 a m\u00e1s de 729 mil personas.<\/strong><\/li>\n<\/ul>\n<p>En la b\u00fasqueda de abrir espacios de expresi\u00f3n y aprendizaje cultural que sean de provecho para los habitantes de las colonias vulnerables de la capital michoacana, el Gobierno Municipal que encabeza el Alcalde, Alfonso Mart\u00ednez Alc\u00e1zar, realiza obras tendientes al desarrollo de los morelianos, para que a trav\u00e9s de actividades l\u00fadicas y deportivas, se fortalezca el tejido social.<\/p>\n<p>Prueba de ello, es el Auditorio Cultural Wenceslao Victoria, en la colonia del mismo nombre, que beneficiar\u00e1 a m\u00e1s de 729 mil personas, proyecto que fue desarrollado durante la presente Administraci\u00f3n.<br \/>\n<a href=\"https:\/\/radiowebmx.com\/nota\/wp-content\/uploads\/2017\/07\/751b74e6-b45f-4acd-b5c3-873bb756b934.jpg\"><img loading=\"lazy\" decoding=\"async\" class=\"alignnone  wp-image-40890\" src=\"https:\/\/radiowebmx.com\/nota\/wp-content\/uploads\/2017\/07\/751b74e6-b45f-4acd-b5c3-873bb756b934-595x396.jpg\" alt=\"\" width=\"400\" height=\"266\" srcset=\"https:\/\/radiowebmx.com\/nota\/wp-content\/uploads\/2017\/07\/751b74e6-b45f-4acd-b5c3-873bb756b934-595x396.jpg 595w, https:\/\/radiowebmx.com\/nota\/wp-content\/uploads\/2017\/07\/751b74e6-b45f-4acd-b5c3-873bb756b934-272x182.jpg 272w, https:\/\/radiowebmx.com\/nota\/wp-content\/uploads\/2017\/07\/751b74e6-b45f-4acd-b5c3-873bb756b934.jpg 709w\" sizes=\"auto, (max-width: 400px) 100vw, 400px\" \/><\/a><\/p>\n<p>El titular de la Secretar\u00eda de Desarrollo Metropolitano e Infraestructura, Juan Fernando Sosa Tapia, inform\u00f3 que la obra, que tuvo una inversi\u00f3n de 7 millones 900 mil pesos, se ejecut\u00f3 en un total de 75 d\u00edas a trav\u00e9s de distintas etapas, entre las que se cuentan la cimentaci\u00f3n, alba\u00f1iler\u00eda, estructura de losa, acabados, carpinter\u00eda, instalaci\u00f3n hidrosanitaria, instalaci\u00f3n y conexi\u00f3n el\u00e9ctrica, adem\u00e1s de la conexi\u00f3n hidr\u00e1ulica.<\/p>\n<p>Sosa Tapia dijo que como hab\u00eda sido acordado, la obra f\u00edsica ha sido culminada en su totalidad, misma que se ubica en la calle Jos\u00e9 del R\u00edo esquina con Perif\u00e9rico Paseo de la Rep\u00fablica en la Colonia Wenceslao Victoria a un costado del Deportivo, y que corresponde a un proyecto unitario de mejoras en la misma zona donde recientemente se llev\u00f3 a cabo la construcci\u00f3n de un aula para el Centro de Educaci\u00f3n B\u00e1sica para Adultos \u201cPrimero de Mayo\u201d.<\/p>\n<p>Adem\u00e1s, record\u00f3 que en el 2016 fue construida por esta misma Administraci\u00f3n la Cancha de Atletismo tambi\u00e9n en la Unidad Deportiva de la Colonia, para la cual el Gobierno Municipal hizo una inversi\u00f3n de 5 millones 600 mil pesos.<\/p>\n<p>Con obras culminadas, el Gobierno Municipal que encabeza Alfonso Mart\u00ednez Alc\u00e1zar, da cuenta de su inter\u00e9s por ofrecer a la ciudadan\u00eda, espacios de esparcimiento cultural y art\u00edstico, poniendo de relieve su intenci\u00f3n de consolidar a Morelia, como \u201cla Capital Cultural\u201d de M\u00e9xico.<\/p>\n<p>&nbsp;<\/p>\n","protected":false},"excerpt":{"rendered":"<p>Concluye la tercera etapa de la construcci\u00f3n del Auditorio Cultural Wenceslao Victoria. Esta obra beneficiar\u00e1 a m\u00e1s de 729 mil personas. En la b\u00fasqueda de abrir espacios de expresi\u00f3n y aprendizaje cultural que sean de provecho para los habitantes de las colonias vulnerables de la capital michoacana, el Gobierno Municipal que encabeza el Alcalde, Alfonso [&hellip;]<\/p>\n","protected":false},"author":2,"featured_media":40888,"comment_status":"closed","ping_status":"closed","sticky":false,"template":"","format":"standard","meta":{"footnotes":""},"categories":[14,60,9],"tags":[],"class_list":["post-40887","post","type-post","status-publish","format-standard","has-post-thumbnail","hentry","category-destacadas","category-michoacan","category-morelia"],"_links":{"self":[{"href":"https:\/\/radiowebmx.com\/nota\/wp-json\/wp\/v2\/posts\/40887","targetHints":{"allow":["GET"]}}],"collection":[{"href":"https:\/\/radiowebmx.com\/nota\/wp-json\/wp\/v2\/posts"}],"about":[{"href":"https:\/\/radiowebmx.com\/nota\/wp-json\/wp\/v2\/types\/post"}],"author":[{"embeddable":true,"href":"https:\/\/radiowebmx.com\/nota\/wp-json\/wp\/v2\/users\/2"}],"replies":[{"embeddable":true,"href":"https:\/\/radiowebmx.com\/nota\/wp-json\/wp\/v2\/comments?post=40887"}],"version-history":[{"count":2,"href":"https:\/\/radiowebmx.com\/nota\/wp-json\/wp\/v2\/posts\/40887\/revisions"}],"predecessor-version":[{"id":40892,"href":"https:\/\/radiowebmx.com\/nota\/wp-json\/wp\/v2\/posts\/40887\/revisions\/40892"}],"wp:featuredmedia":[{"embeddable":true,"href":"https:\/\/radiowebmx.com\/nota\/wp-json\/wp\/v2\/media\/40888"}],"wp:attachment":[{"href":"https:\/\/radiowebmx.com\/nota\/wp-json\/wp\/v2\/media?parent=40887"}],"wp:term":[{"taxonomy":"category","embeddable":true,"href":"https:\/\/radiowebmx.com\/nota\/wp-json\/wp\/v2\/categories?post=40887"},{"taxonomy":"post_tag","embeddable":true,"href":"https:\/\/radiowebmx.com\/nota\/wp-json\/wp\/v2\/tags?post=40887"}],"curies":[{"name":"wp","href":"https:\/\/api.w.org\/{rel}","templated":true}]}}