{"id":40862,"date":"2017-07-25T20:25:31","date_gmt":"2017-07-26T01:25:31","guid":{"rendered":"https:\/\/radiowebmx.com\/nota\/?p=40862"},"modified":"2017-07-26T10:23:45","modified_gmt":"2017-07-26T15:23:45","slug":"en-pagina-web-consejo-de-la-cronica-difunde-actividades","status":"publish","type":"post","link":"https:\/\/radiowebmx.com\/nota\/en-pagina-web-consejo-de-la-cronica-difunde-actividades\/","title":{"rendered":"En p\u00e1gina web, Consejo de la Cr\u00f3nica difunde actividades"},"content":{"rendered":"<p><a href=\"https:\/\/radiowebmx.com\/nota\/wp-content\/uploads\/2017\/07\/8826b901-73ea-462a-b6cf-cd5c8e832ebc.jpeg\"><img loading=\"lazy\" decoding=\"async\" class=\"alignnone  wp-image-40863\" src=\"https:\/\/radiowebmx.com\/nota\/wp-content\/uploads\/2017\/07\/8826b901-73ea-462a-b6cf-cd5c8e832ebc-595x438.jpeg\" alt=\"\" width=\"400\" height=\"295\" srcset=\"https:\/\/radiowebmx.com\/nota\/wp-content\/uploads\/2017\/07\/8826b901-73ea-462a-b6cf-cd5c8e832ebc-595x438.jpeg 595w, https:\/\/radiowebmx.com\/nota\/wp-content\/uploads\/2017\/07\/8826b901-73ea-462a-b6cf-cd5c8e832ebc.jpeg 709w\" sizes=\"auto, (max-width: 400px) 100vw, 400px\" \/><\/a><\/p>\n<p>&nbsp;<\/p>\n<ul>\n<li><strong>En dicho portal est\u00e1n disponibles los trabajos del Consejo, as\u00ed como las convocatorias e informaci\u00f3n de inter\u00e9s.<\/strong><strong>\n<p><\/strong><\/li>\n<\/ul>\n<p>En una acci\u00f3n que consolida a la Administraci\u00f3n Independiente que encabeza el Presidente Municipal de Morelia, Alfonso Mart\u00ednez Alc\u00e1zar, como un referente de transparencia y uso adecuado de las herramientas tecnol\u00f3gicas para facilitar el acceso a la informaci\u00f3n, el Consejo de la Cr\u00f3nica de Morelia conformado por personajes de gran reconocimiento y respeto por parte de la sociedad moreliana, pone a disposici\u00f3n de la ciudadan\u00eda su sitio web, donde los interesados podr\u00e1n seguir una a una las actividades realizadas por este variado grupo de artistas y profesionistas orientadas a la promoci\u00f3n de la historia de la ciudad.<\/p>\n<p>La Direcci\u00f3n para ingresar al sitio web del Consejo de la Cr\u00f3nica es http:\/\/consejodelacronica.morelia.gob.mx\/index.php, y en ella se pueden encontrar trabajos fotogr\u00e1ficos y audiovisuales de los integrantes del mismo.<\/p>\n<p>Adem\u00e1s, est\u00e1n disponibles las convocatorias para que la ciudadan\u00eda consulte los detalles de los diversos concursos o actividades orientadas a la promoci\u00f3n de la historia de la capital de Michoac\u00e1na.<\/p>\n<p>Cabe recordar que el Consejo de la Cr\u00f3nica de Morelia est\u00e1 encabezado por el Profesor e Investigador Gabriel Silva Mandujano, en su papel de Presidente y el Secretario del Ayuntamiento, Jes\u00fas Avalos Plata, funge en calidad de Secretario T\u00e9cnico del mismo; adem\u00e1s lo integran Alfonso Mart\u00ednez Alc\u00e1zar, Presidente Municipal de Morelia; Fabio Sistos Rangel, S\u00edndico Municipal; Osvaldo Ru\u00edz Ram\u00edrez, Regidor; Carlos Herrej\u00f3n Peredo, Te\u00f3logo e Historiador; Ricardo Aguilera Soria, Escritor e Historiador; los reconocidos Fot\u00f3grafos Guillermo Wusterhaus Cortes, Sonia Aburto Alvarado y Jos\u00e9 Antonio Romo Careaga; la Artista Visual, Cristina Bustamante Penilla; el Cineasta, Jos\u00e9 Carlos Macouzet Espinosa y el Artista Pl\u00e1stico, Fernando Llanos Jim\u00e9nez.<\/p>\n<p>&nbsp;<\/p>\n","protected":false},"excerpt":{"rendered":"<p>&nbsp; En dicho portal est\u00e1n disponibles los trabajos del Consejo, as\u00ed como las convocatorias e informaci\u00f3n de inter\u00e9s. En una acci\u00f3n que consolida a la Administraci\u00f3n Independiente que encabeza el Presidente Municipal de Morelia, Alfonso Mart\u00ednez Alc\u00e1zar, como un referente de transparencia y uso adecuado de las herramientas tecnol\u00f3gicas para facilitar el acceso a la [&hellip;]<\/p>\n","protected":false},"author":2,"featured_media":40864,"comment_status":"closed","ping_status":"closed","sticky":false,"template":"","format":"standard","meta":{"footnotes":""},"categories":[14,60,9],"tags":[],"class_list":["post-40862","post","type-post","status-publish","format-standard","has-post-thumbnail","hentry","category-destacadas","category-michoacan","category-morelia"],"_links":{"self":[{"href":"https:\/\/radiowebmx.com\/nota\/wp-json\/wp\/v2\/posts\/40862","targetHints":{"allow":["GET"]}}],"collection":[{"href":"https:\/\/radiowebmx.com\/nota\/wp-json\/wp\/v2\/posts"}],"about":[{"href":"https:\/\/radiowebmx.com\/nota\/wp-json\/wp\/v2\/types\/post"}],"author":[{"embeddable":true,"href":"https:\/\/radiowebmx.com\/nota\/wp-json\/wp\/v2\/users\/2"}],"replies":[{"embeddable":true,"href":"https:\/\/radiowebmx.com\/nota\/wp-json\/wp\/v2\/comments?post=40862"}],"version-history":[{"count":1,"href":"https:\/\/radiowebmx.com\/nota\/wp-json\/wp\/v2\/posts\/40862\/revisions"}],"predecessor-version":[{"id":40865,"href":"https:\/\/radiowebmx.com\/nota\/wp-json\/wp\/v2\/posts\/40862\/revisions\/40865"}],"wp:featuredmedia":[{"embeddable":true,"href":"https:\/\/radiowebmx.com\/nota\/wp-json\/wp\/v2\/media\/40864"}],"wp:attachment":[{"href":"https:\/\/radiowebmx.com\/nota\/wp-json\/wp\/v2\/media?parent=40862"}],"wp:term":[{"taxonomy":"category","embeddable":true,"href":"https:\/\/radiowebmx.com\/nota\/wp-json\/wp\/v2\/categories?post=40862"},{"taxonomy":"post_tag","embeddable":true,"href":"https:\/\/radiowebmx.com\/nota\/wp-json\/wp\/v2\/tags?post=40862"}],"curies":[{"name":"wp","href":"https:\/\/api.w.org\/{rel}","templated":true}]}}