{"id":40830,"date":"2017-07-24T18:23:45","date_gmt":"2017-07-24T23:23:45","guid":{"rendered":"https:\/\/radiowebmx.com\/nota\/?p=40830"},"modified":"2017-07-25T11:56:13","modified_gmt":"2017-07-25T16:56:13","slug":"gobiernos-e-iglesia-deben-luchar-por-la-paz-sigala","status":"publish","type":"post","link":"https:\/\/radiowebmx.com\/nota\/gobiernos-e-iglesia-deben-luchar-por-la-paz-sigala\/","title":{"rendered":"Gobiernos e iglesia deben luchar por la paz: Sigala"},"content":{"rendered":"<p><a href=\"https:\/\/radiowebmx.com\/nota\/wp-content\/uploads\/2017\/07\/Comunicado-1038-2.jpg\"><img loading=\"lazy\" decoding=\"async\" class=\"alignnone  wp-image-40832\" src=\"https:\/\/radiowebmx.com\/nota\/wp-content\/uploads\/2017\/07\/Comunicado-1038-2-595x402.jpg\" alt=\"\" width=\"399\" height=\"270\" srcset=\"https:\/\/radiowebmx.com\/nota\/wp-content\/uploads\/2017\/07\/Comunicado-1038-2-595x402.jpg 595w, https:\/\/radiowebmx.com\/nota\/wp-content\/uploads\/2017\/07\/Comunicado-1038-2.jpg 709w\" sizes=\"auto, (max-width: 399px) 100vw, 399px\" \/><\/a><\/p>\n<p><strong>Morelia; Michoac\u00e1n, 24 de julio de 2017.-<\/strong> \u00a0Con el fin de alcanzar una verdadera paz social, los gobiernos, la iglesia y la sociedad, deben luchar contra la pobreza y la desigualdad, dentro del marco constitucional que rige la relaci\u00f3n del Estado con las iglesias, se\u00f1al\u00f3 el diputado Pascual Sigala P\u00e1ez, Presidente de la Mesa Directiva del Congreso del Estado.<\/p>\n<p>En el marco de la Imposici\u00f3n del Palio Arzobispal a Monse\u00f1or Carlos Garfias Merlos, Arzobispo de la Arquidi\u00f3cesis de Morelia, impuesta por el Nuncio Apost\u00f3lico Franco Coppola, con la que se declar\u00f3 el inicio oficial de la implementaci\u00f3n del Proceso Diocesano de Renovaci\u00f3n y Revitalizaci\u00f3n Pastoral (2017-2026) en su primer etapa (2017-2018), estuvieron presentes Silvano Aureoles, Gobernador del Estado y Alfonso Mart\u00ednez, Presidente Municipal de Morelia.<\/p>\n<p><a href=\"https:\/\/radiowebmx.com\/nota\/wp-content\/uploads\/2017\/07\/Comunicado-1038-3.jpg\"><img loading=\"lazy\" decoding=\"async\" class=\"alignnone  wp-image-40833\" src=\"https:\/\/radiowebmx.com\/nota\/wp-content\/uploads\/2017\/07\/Comunicado-1038-3-595x411.jpg\" alt=\"\" width=\"400\" height=\"276\" srcset=\"https:\/\/radiowebmx.com\/nota\/wp-content\/uploads\/2017\/07\/Comunicado-1038-3-595x411.jpg 595w, https:\/\/radiowebmx.com\/nota\/wp-content\/uploads\/2017\/07\/Comunicado-1038-3.jpg 709w\" sizes=\"auto, (max-width: 400px) 100vw, 400px\" \/><\/a><\/p>\n<p>Pascual\u00a0 Sigala celebr\u00f3 esta nueva etapa en la que desde el inicio se muestra la disposici\u00f3n de trabajar en favor de la paz.<\/p>\n<p>Precis\u00f3, que para superar las barreras de la desigualdad, la pobreza, la injusticia, la \u00a0violencia, se requiere de la voluntad y trabajo sostenido de todos los actores sobre todo de los que est\u00e1n en el servicio p\u00fablico.<\/p>\n<p>Finalmente, el legislador refrend\u00f3 su compromiso con los michoacanos y puntualiz\u00f3 que desde su trinchera continuar\u00e1 trabajando por el desarrollo de la entidad.<\/p>\n","protected":false},"excerpt":{"rendered":"<p>Morelia; Michoac\u00e1n, 24 de julio de 2017.- \u00a0Con el fin de alcanzar una verdadera paz social, los gobiernos, la iglesia y la sociedad, deben luchar contra la pobreza y la desigualdad, dentro del marco constitucional que rige la relaci\u00f3n del Estado con las iglesias, se\u00f1al\u00f3 el diputado Pascual Sigala P\u00e1ez, Presidente de la Mesa Directiva [&hellip;]<\/p>\n","protected":false},"author":2,"featured_media":40831,"comment_status":"closed","ping_status":"closed","sticky":false,"template":"","format":"standard","meta":{"footnotes":""},"categories":[6,14,19],"tags":[],"class_list":["post-40830","post","type-post","status-publish","format-standard","has-post-thumbnail","hentry","category-congreso-del-estado","category-destacadas","category-grupo-parlamentario-del-prd"],"_links":{"self":[{"href":"https:\/\/radiowebmx.com\/nota\/wp-json\/wp\/v2\/posts\/40830","targetHints":{"allow":["GET"]}}],"collection":[{"href":"https:\/\/radiowebmx.com\/nota\/wp-json\/wp\/v2\/posts"}],"about":[{"href":"https:\/\/radiowebmx.com\/nota\/wp-json\/wp\/v2\/types\/post"}],"author":[{"embeddable":true,"href":"https:\/\/radiowebmx.com\/nota\/wp-json\/wp\/v2\/users\/2"}],"replies":[{"embeddable":true,"href":"https:\/\/radiowebmx.com\/nota\/wp-json\/wp\/v2\/comments?post=40830"}],"version-history":[{"count":1,"href":"https:\/\/radiowebmx.com\/nota\/wp-json\/wp\/v2\/posts\/40830\/revisions"}],"predecessor-version":[{"id":40834,"href":"https:\/\/radiowebmx.com\/nota\/wp-json\/wp\/v2\/posts\/40830\/revisions\/40834"}],"wp:featuredmedia":[{"embeddable":true,"href":"https:\/\/radiowebmx.com\/nota\/wp-json\/wp\/v2\/media\/40831"}],"wp:attachment":[{"href":"https:\/\/radiowebmx.com\/nota\/wp-json\/wp\/v2\/media?parent=40830"}],"wp:term":[{"taxonomy":"category","embeddable":true,"href":"https:\/\/radiowebmx.com\/nota\/wp-json\/wp\/v2\/categories?post=40830"},{"taxonomy":"post_tag","embeddable":true,"href":"https:\/\/radiowebmx.com\/nota\/wp-json\/wp\/v2\/tags?post=40830"}],"curies":[{"name":"wp","href":"https:\/\/api.w.org\/{rel}","templated":true}]}}