{"id":4083,"date":"2013-10-10T12:35:08","date_gmt":"2013-10-10T17:35:08","guid":{"rendered":"https:\/\/radiowebmx.com\/nota\/?p=4083"},"modified":"2013-10-10T12:35:08","modified_gmt":"2013-10-10T17:35:08","slug":"graves-consecuencias-para-el-sector-agropecuario-con-la-reforma-hacendaria-sebastian-naranjo-blanco","status":"publish","type":"post","link":"https:\/\/radiowebmx.com\/nota\/graves-consecuencias-para-el-sector-agropecuario-con-la-reforma-hacendaria-sebastian-naranjo-blanco\/","title":{"rendered":"Graves consecuencias para el sector agropecuario con la Reforma Hacendaria: Sebasti\u00e1n Naranjo Blanco"},"content":{"rendered":"<p><a href=\"https:\/\/radiowebmx.com\/nota\/wp-content\/uploads\/2013\/10\/Dip.-Sebasti\u00e1n-Naranjo-Blanco-en-rueda-de-prensa.jpg\"><img loading=\"lazy\" decoding=\"async\" class=\"alignleft size-full wp-image-4084\" alt=\"Dip. Sebasti\u00e1n Naranjo Blanco en rueda de prensa\" src=\"https:\/\/radiowebmx.com\/nota\/wp-content\/uploads\/2013\/10\/Dip.-Sebasti\u00e1n-Naranjo-Blanco-en-rueda-de-prensa.jpg\" width=\"591\" height=\"259\" \/><\/a>De aprobarse la Reforma Hacendaria propuesta por el Gobierno Federal, \u00e9sta traer\u00eda graves consecuencias para el sector agropecuario en Michoac\u00e1n, ya que se<b>\u00a0<\/b>estar\u00edan aumentando m\u00e1s los costos de producci\u00f3n por el Impuesto Sobre la Renta (ISR), lo que repercutir\u00eda en impactos negativos para los productores del campo en el Estado\u201d as\u00ed lo dio a conocer el diputado Sebasti\u00e1n Naranjo Blanco ante medios de comunicaci\u00f3n.<\/p>\n<p>&nbsp;<\/p>\n<p>En rueda de prensa llevada a cabo en el municipio de los Reyes, el diputado\u00a0Sebasti\u00e1n Naranjo Blanco, acompa\u00f1ado por los Alcaldes Jos\u00e9 Antonio Salas Valencia, Salvador Torres Mora y Alberto Contreras, presidentes municipales de los Reyes, Tanc\u00edtaro y Cotija respectivamente; hicieron un llamado al Congreso de la Uni\u00f3n con la finalidad de que someta la reforma a un an\u00e1lisis preciso y puntual, que permita que todas las reformas de esta \u00edndole se realicen con todas las garant\u00edas y que cuenten con crecimiento y expansi\u00f3n del Campo y no como un retroceso para el crecimiento del sector que se potencializa como el motor comercial y econ\u00f3mico de las familias michoacanas.<\/p>\n<p>&nbsp;<\/p>\n<p>\u201cEsta reforma pone en riesgo la estabilidad econ\u00f3mica que hoy tenemos y que ha costado un gran esfuerzo y un gran sacrificio a las familias mexicanas\u201d, indic\u00f3 que el PAN siempre ha luchado por el bienestar, las libertades y la seguridad de los ciudadanos, reiterando que durante los 12 a\u00f1os de gobiernos panistas, se avanz\u00f3 en un sistema tributario que disminuy\u00f3 las tasas impositivas y ampli\u00f3 las bases de contribuyentes.<\/p>\n<p>&nbsp;<\/p>\n<p>Naranjo Blanco, subray\u00f3 que es indispensable lograr una estabilidad econ\u00f3mica social y sustentable en el Pa\u00eds, \u201ccon la Reforma Hacendaria propuesta por el Presidente Enrique Pe\u00f1a Nieto, provocar\u00eda que en el pa\u00eds se d\u00e9 una mayor informalidad comercial, ya que esta propuesta afecta el bolsillo de quienes menos tienen, as\u00ed como tambi\u00e9n coloca un freno para todos los sectores agroindustriales de M\u00e9xico\u201d, refiri\u00f3.<\/p>\n<p>&nbsp;<\/p>\n<p>Finalmente, el diputado del blanquiazul enfatiz\u00f3 que la soluci\u00f3n no es cobrar m\u00e1s impuestos, sino incentivar la recaudaci\u00f3n fiscal as\u00ed como la inversi\u00f3n, y que las autoridades apliquen los recursos de una manera m\u00e1s eficiente, concluy\u00f3 el representante popular por el distrito de los Reyes.<\/p>\n<p><b>\u00a0<\/b><\/p>\n","protected":false},"excerpt":{"rendered":"<p>De aprobarse la Reforma Hacendaria propuesta por el Gobierno Federal, \u00e9sta traer\u00eda graves consecuencias para el sector agropecuario en Michoac\u00e1n, ya que se estar\u00edan aumentando m\u00e1s los costos de producci\u00f3n por el Impuesto Sobre la Renta (ISR)<\/p>\n","protected":false},"author":1,"featured_media":0,"comment_status":"open","ping_status":"open","sticky":false,"template":"","format":"standard","meta":{"footnotes":""},"categories":[6,14,8],"tags":[],"class_list":["post-4083","post","type-post","status-publish","format-standard","hentry","category-congreso-del-estado","category-destacadas","category-grupo-parlamentario-del-pan"],"_links":{"self":[{"href":"https:\/\/radiowebmx.com\/nota\/wp-json\/wp\/v2\/posts\/4083","targetHints":{"allow":["GET"]}}],"collection":[{"href":"https:\/\/radiowebmx.com\/nota\/wp-json\/wp\/v2\/posts"}],"about":[{"href":"https:\/\/radiowebmx.com\/nota\/wp-json\/wp\/v2\/types\/post"}],"author":[{"embeddable":true,"href":"https:\/\/radiowebmx.com\/nota\/wp-json\/wp\/v2\/users\/1"}],"replies":[{"embeddable":true,"href":"https:\/\/radiowebmx.com\/nota\/wp-json\/wp\/v2\/comments?post=4083"}],"version-history":[{"count":1,"href":"https:\/\/radiowebmx.com\/nota\/wp-json\/wp\/v2\/posts\/4083\/revisions"}],"predecessor-version":[{"id":4085,"href":"https:\/\/radiowebmx.com\/nota\/wp-json\/wp\/v2\/posts\/4083\/revisions\/4085"}],"wp:attachment":[{"href":"https:\/\/radiowebmx.com\/nota\/wp-json\/wp\/v2\/media?parent=4083"}],"wp:term":[{"taxonomy":"category","embeddable":true,"href":"https:\/\/radiowebmx.com\/nota\/wp-json\/wp\/v2\/categories?post=4083"},{"taxonomy":"post_tag","embeddable":true,"href":"https:\/\/radiowebmx.com\/nota\/wp-json\/wp\/v2\/tags?post=4083"}],"curies":[{"name":"wp","href":"https:\/\/api.w.org\/{rel}","templated":true}]}}