{"id":40800,"date":"2017-07-24T18:16:18","date_gmt":"2017-07-24T23:16:18","guid":{"rendered":"https:\/\/radiowebmx.com\/nota\/?p=40800"},"modified":"2017-07-25T11:23:28","modified_gmt":"2017-07-25T16:23:28","slug":"alfonso-martinez-acompano-a-monsenor-carlos-garfias-merlos-a-recibir-el-nuncio-apostolico","status":"publish","type":"post","link":"https:\/\/radiowebmx.com\/nota\/alfonso-martinez-acompano-a-monsenor-carlos-garfias-merlos-a-recibir-el-nuncio-apostolico\/","title":{"rendered":"Alfonso Mart\u00ednez acompa\u00f1\u00f3 a Monse\u00f1or Carlos Garfias Merlos a recibir el Nuncio Apost\u00f3lico"},"content":{"rendered":"<p><a href=\"https:\/\/radiowebmx.com\/nota\/wp-content\/uploads\/2017\/07\/380e5ab5-4453-4593-bf38-cbcb00dfce87.jpg\"><img loading=\"lazy\" decoding=\"async\" class=\"alignnone  wp-image-40802\" src=\"https:\/\/radiowebmx.com\/nota\/wp-content\/uploads\/2017\/07\/380e5ab5-4453-4593-bf38-cbcb00dfce87-595x396.jpg\" alt=\"\" width=\"400\" height=\"266\" srcset=\"https:\/\/radiowebmx.com\/nota\/wp-content\/uploads\/2017\/07\/380e5ab5-4453-4593-bf38-cbcb00dfce87-595x396.jpg 595w, https:\/\/radiowebmx.com\/nota\/wp-content\/uploads\/2017\/07\/380e5ab5-4453-4593-bf38-cbcb00dfce87-272x182.jpg 272w, https:\/\/radiowebmx.com\/nota\/wp-content\/uploads\/2017\/07\/380e5ab5-4453-4593-bf38-cbcb00dfce87.jpg 709w\" sizes=\"auto, (max-width: 400px) 100vw, 400px\" \/><\/a><\/p>\n<p>&nbsp;<\/p>\n<p>El Presidente Municipal de Morelia, Alfonso Mart\u00ednez Alc\u00e1zar, asisti\u00f3 junto con el Gobernador del Estado, Silvano Aureoles Conejo, a la misa de Imposici\u00f3n del Palio Arzobispal a Monse\u00f1or Carlos Garfias Merlos, Arzobispo de Morelia, quien tambi\u00e9n celebra en esta importante fecha su aniversario episcopal.<\/p>\n<p>Con la presencia de Paola Delgadillo de Mart\u00ednez, Presidenta Honoraria del Sistema DIF Morelia; Pascual Cigala P\u00e1ez, Presidente de la Mesa Directiva del Congreso del Estado, adem\u00e1s de autoridades estatales y municipales, Mart\u00ednez Alc\u00e1zar se mostr\u00f3 complacido de asistir a tan importante evento para ser testigo de la imposici\u00f3n del Palio hacia el Monse\u00f1or.<\/p>\n<p>Por su parte, el Arzobispo de Morelia Carlos Garfias Merlos, recibi\u00f3 de manos del Nuncio Apost\u00f3lico Franco Coppola, recibi\u00f3 el escapulario del \u00e1ngel, mismo que le fue concedido del Papa Francisco II, y que representa el signo de la comuni\u00f3n entre el arzobispado y el Sumo Pont\u00edfice, adem\u00e1s de la cercan\u00eda entre la sociedad y la iglesia.<\/p>\n<p>En su participaci\u00f3n el Arzobispo de Morelia, Carlos Garfias Merlos, se pronunci\u00f3 a favor de las doctrinas dictadas por el Papa Francisco y agradeci\u00f3 a las autoridades de todos los niveles, por su presencia en este magno evento.<\/p>\n<p>Aprovech\u00f3 la ocasi\u00f3n para exhortar a los padres de familia morelianos a pasar m\u00e1s horas en compa\u00f1\u00eda de sus hijos, con el fin de crear una mejor sociedad, basada en el respeto y la sana convivencia, que permita construir una pac\u00edfica convivencia entre padres e hijos.<\/p>\n","protected":false},"excerpt":{"rendered":"<p>&nbsp; El Presidente Municipal de Morelia, Alfonso Mart\u00ednez Alc\u00e1zar, asisti\u00f3 junto con el Gobernador del Estado, Silvano Aureoles Conejo, a la misa de Imposici\u00f3n del Palio Arzobispal a Monse\u00f1or Carlos Garfias Merlos, Arzobispo de Morelia, quien tambi\u00e9n celebra en esta importante fecha su aniversario episcopal. Con la presencia de Paola Delgadillo de Mart\u00ednez, Presidenta Honoraria [&hellip;]<\/p>\n","protected":false},"author":2,"featured_media":40801,"comment_status":"closed","ping_status":"closed","sticky":false,"template":"","format":"standard","meta":{"footnotes":""},"categories":[14,60,9],"tags":[],"class_list":["post-40800","post","type-post","status-publish","format-standard","has-post-thumbnail","hentry","category-destacadas","category-michoacan","category-morelia"],"_links":{"self":[{"href":"https:\/\/radiowebmx.com\/nota\/wp-json\/wp\/v2\/posts\/40800","targetHints":{"allow":["GET"]}}],"collection":[{"href":"https:\/\/radiowebmx.com\/nota\/wp-json\/wp\/v2\/posts"}],"about":[{"href":"https:\/\/radiowebmx.com\/nota\/wp-json\/wp\/v2\/types\/post"}],"author":[{"embeddable":true,"href":"https:\/\/radiowebmx.com\/nota\/wp-json\/wp\/v2\/users\/2"}],"replies":[{"embeddable":true,"href":"https:\/\/radiowebmx.com\/nota\/wp-json\/wp\/v2\/comments?post=40800"}],"version-history":[{"count":1,"href":"https:\/\/radiowebmx.com\/nota\/wp-json\/wp\/v2\/posts\/40800\/revisions"}],"predecessor-version":[{"id":40803,"href":"https:\/\/radiowebmx.com\/nota\/wp-json\/wp\/v2\/posts\/40800\/revisions\/40803"}],"wp:featuredmedia":[{"embeddable":true,"href":"https:\/\/radiowebmx.com\/nota\/wp-json\/wp\/v2\/media\/40801"}],"wp:attachment":[{"href":"https:\/\/radiowebmx.com\/nota\/wp-json\/wp\/v2\/media?parent=40800"}],"wp:term":[{"taxonomy":"category","embeddable":true,"href":"https:\/\/radiowebmx.com\/nota\/wp-json\/wp\/v2\/categories?post=40800"},{"taxonomy":"post_tag","embeddable":true,"href":"https:\/\/radiowebmx.com\/nota\/wp-json\/wp\/v2\/tags?post=40800"}],"curies":[{"name":"wp","href":"https:\/\/api.w.org\/{rel}","templated":true}]}}