{"id":40783,"date":"2017-07-24T20:15:11","date_gmt":"2017-07-25T01:15:11","guid":{"rendered":"https:\/\/radiowebmx.com\/nota\/?p=40783"},"modified":"2017-07-25T11:01:31","modified_gmt":"2017-07-25T16:01:31","slug":"gobierno-municipal-designa-a-encargado-de-despacho-en-el-ijum","status":"publish","type":"post","link":"https:\/\/radiowebmx.com\/nota\/gobierno-municipal-designa-a-encargado-de-despacho-en-el-ijum\/","title":{"rendered":"Gobierno Municipal designa a Encargado de Despacho en el IJUM"},"content":{"rendered":"<ul>\n<li><strong>Ana Cristina Prado asume la Direcci\u00f3n de Emprendimiento y Empleo en la Secretar\u00eda de Desarrollo Econ\u00f3mico y Emprendedor.<\/strong><\/li>\n<\/ul>\n<p>&nbsp;<\/p>\n<div>Como parte de los movimientos al interior del Gobierno Municipal para fortalecer el trabajo a favor de los j\u00f3venes, Ana Cristina Prado Mart\u00ednez asumi\u00f3 la Direcci\u00f3n de Emprendimiento y Empleo de la Secretar\u00eda de Desarrollo Econ\u00f3mico y Emprendedor, por lo que la Direcci\u00f3n del Instituto de la Juventud Moreliana ser\u00e1 ocupada por Juan Pablo Motilla, en calidad de encargado de despacho.<\/p>\n<p>Ana Cristina Prado concluye su gesti\u00f3n posicionando al IJUM como una instituci\u00f3n que ha logrado fomentar la participaci\u00f3n de los j\u00f3venes en diversos espacios, como el Cabildo Juvenil y la Carrera Nocturna.<\/p>\n<p>En este sentido, Prado Mart\u00ednez agradeci\u00f3 la confianza del Gobierno de Morelia y del Presidente Municipal Alfonso Mart\u00ednez por el tiempo que estuvo al frente del IJUM, asimismo se comprometi\u00f3 a seguir trabajando en esta nueva encomienda, a favor del desarrollo econ\u00f3mico de Morelia.<\/p>\n<p>Cabe destacar que de acuerdo a los reglamentos establecidos, ser\u00e1 el Cabildo quien defina en Sesi\u00f3n a quien ocupar\u00e1 la Direcci\u00f3n del Instituto, en tanto se dar\u00e1 continuidad a los trabajos bajo la figura de encargado de despacho.<\/p><\/div>\n","protected":false},"excerpt":{"rendered":"<p>Ana Cristina Prado asume la Direcci\u00f3n de Emprendimiento y Empleo en la Secretar\u00eda de Desarrollo Econ\u00f3mico y Emprendedor. &nbsp; Como parte de los movimientos al interior del Gobierno Municipal para fortalecer el trabajo a favor de los j\u00f3venes, Ana Cristina Prado Mart\u00ednez asumi\u00f3 la Direcci\u00f3n de Emprendimiento y Empleo de la Secretar\u00eda de Desarrollo Econ\u00f3mico [&hellip;]<\/p>\n","protected":false},"author":2,"featured_media":40784,"comment_status":"closed","ping_status":"closed","sticky":false,"template":"","format":"standard","meta":{"footnotes":""},"categories":[14,60,9],"tags":[],"class_list":["post-40783","post","type-post","status-publish","format-standard","has-post-thumbnail","hentry","category-destacadas","category-michoacan","category-morelia"],"_links":{"self":[{"href":"https:\/\/radiowebmx.com\/nota\/wp-json\/wp\/v2\/posts\/40783","targetHints":{"allow":["GET"]}}],"collection":[{"href":"https:\/\/radiowebmx.com\/nota\/wp-json\/wp\/v2\/posts"}],"about":[{"href":"https:\/\/radiowebmx.com\/nota\/wp-json\/wp\/v2\/types\/post"}],"author":[{"embeddable":true,"href":"https:\/\/radiowebmx.com\/nota\/wp-json\/wp\/v2\/users\/2"}],"replies":[{"embeddable":true,"href":"https:\/\/radiowebmx.com\/nota\/wp-json\/wp\/v2\/comments?post=40783"}],"version-history":[{"count":1,"href":"https:\/\/radiowebmx.com\/nota\/wp-json\/wp\/v2\/posts\/40783\/revisions"}],"predecessor-version":[{"id":40785,"href":"https:\/\/radiowebmx.com\/nota\/wp-json\/wp\/v2\/posts\/40783\/revisions\/40785"}],"wp:featuredmedia":[{"embeddable":true,"href":"https:\/\/radiowebmx.com\/nota\/wp-json\/wp\/v2\/media\/40784"}],"wp:attachment":[{"href":"https:\/\/radiowebmx.com\/nota\/wp-json\/wp\/v2\/media?parent=40783"}],"wp:term":[{"taxonomy":"category","embeddable":true,"href":"https:\/\/radiowebmx.com\/nota\/wp-json\/wp\/v2\/categories?post=40783"},{"taxonomy":"post_tag","embeddable":true,"href":"https:\/\/radiowebmx.com\/nota\/wp-json\/wp\/v2\/tags?post=40783"}],"curies":[{"name":"wp","href":"https:\/\/api.w.org\/{rel}","templated":true}]}}