{"id":40778,"date":"2017-07-24T23:09:30","date_gmt":"2017-07-25T04:09:30","guid":{"rendered":"https:\/\/radiowebmx.com\/nota\/?p=40778"},"modified":"2017-07-25T12:23:21","modified_gmt":"2017-07-25T17:23:21","slug":"limpiaremos-de-la-delincuencia-a-santiago-acahuato-silvano-aureoles","status":"publish","type":"post","link":"https:\/\/radiowebmx.com\/nota\/limpiaremos-de-la-delincuencia-a-santiago-acahuato-silvano-aureoles\/","title":{"rendered":"Limpiaremos de la delincuencia a Santiago Acahuato: Silvano Aureoles"},"content":{"rendered":"<p><a href=\"https:\/\/radiowebmx.com\/nota\/wp-content\/uploads\/2017\/07\/ab25e0cf-bdc4-4fbd-b953-7b4e307e5d82.jpeg\"><img loading=\"lazy\" decoding=\"async\" class=\"alignnone  wp-image-40780\" src=\"https:\/\/radiowebmx.com\/nota\/wp-content\/uploads\/2017\/07\/ab25e0cf-bdc4-4fbd-b953-7b4e307e5d82-595x396.jpeg\" alt=\"\" width=\"400\" height=\"266\" srcset=\"https:\/\/radiowebmx.com\/nota\/wp-content\/uploads\/2017\/07\/ab25e0cf-bdc4-4fbd-b953-7b4e307e5d82-595x396.jpeg 595w, https:\/\/radiowebmx.com\/nota\/wp-content\/uploads\/2017\/07\/ab25e0cf-bdc4-4fbd-b953-7b4e307e5d82-272x182.jpeg 272w, https:\/\/radiowebmx.com\/nota\/wp-content\/uploads\/2017\/07\/ab25e0cf-bdc4-4fbd-b953-7b4e307e5d82.jpeg 709w\" sizes=\"auto, (max-width: 400px) 100vw, 400px\" \/><\/a><\/p>\n<p>&nbsp;<\/p>\n<ul>\n<li><strong>El Gobernador del Estado inaugura y pone en marcha obras en la tenencia de Santiago Acahuato.<\/strong><\/li>\n<\/ul>\n<p>&nbsp;<\/p>\n<p><strong>Santiago Acahuato, mpio. de Apatzing\u00e1n, Michoac\u00e1n, a 24 de julio de 2017.-<\/strong>\u00a0Para que las condiciones de vida mejoren en la tenencia de Santiago Acahuato, en el municipio de Apatzing\u00e1n, &#8220;lo limpiaremos de la delincuencia&#8221;, asegur\u00f3 el Gobernador Constitucional Silvano Aureoles Conejo al poner en marcha e inaugurar obras de infraestructura social en este poblado.<\/p>\n<p>En la plaza principal, el mandatario estatal advirti\u00f3 que quienes cometan actos fuera de la ley, tendr\u00e1n que irse o enfrentar la acci\u00f3n de la autoridad, para lo cual se debe trabajar de manera coordinada entre Gobierno y ciudadan\u00eda.<\/p>\n<p>&#8220;Vamos a trabajar muy de cerca. Vamos a venir para limpiarlo de la delincuencia; es un pueblo muy hermoso como para que este habitado por delincuentes&#8221;, expres\u00f3 Silvano Aureoles.<\/p>\n<p>Al referirse a las obras, Silvano Aureoles destac\u00f3 la coordinaci\u00f3n que existe entre los tres \u00f3rdenes de Gobierno, pues de esta manera se ha logrado realizar mayor infraestructura en beneficio de las y los michoacanos.<\/p>\n<p><a href=\"https:\/\/radiowebmx.com\/nota\/wp-content\/uploads\/2017\/07\/d451f0ae-1967-4f74-a225-1289a6673019.jpeg\"><img loading=\"lazy\" decoding=\"async\" class=\"alignnone wp-image-40787\" src=\"https:\/\/radiowebmx.com\/nota\/wp-content\/uploads\/2017\/07\/d451f0ae-1967-4f74-a225-1289a6673019-595x406.jpeg\" alt=\"\" width=\"401\" height=\"274\" srcset=\"https:\/\/radiowebmx.com\/nota\/wp-content\/uploads\/2017\/07\/d451f0ae-1967-4f74-a225-1289a6673019-595x406.jpeg 595w, https:\/\/radiowebmx.com\/nota\/wp-content\/uploads\/2017\/07\/d451f0ae-1967-4f74-a225-1289a6673019.jpeg 709w\" sizes=\"auto, (max-width: 401px) 100vw, 401px\" \/><\/a><\/p>\n<p>En este sentido, agradeci\u00f3 la gesti\u00f3n de recursos hecha por el diputado federal, V\u00edctor Manuel Silva Tejeda, lo que sirvi\u00f3 para la realizaci\u00f3n de obras de este lugar.<\/p>\n<p>Finalmente, inform\u00f3 que el Gobierno del Estado pondr\u00e1 en marcha acciones para el mejoramiento de los centros educativos y de salud de Santiago Acahuato. &#8220;Necesitamos trabajar con los ciudadanos, para que la f\u00f3rmula del trabajo coordinado est\u00e9 completa y los resultados sean para el bien de los habitantes&#8221;.<\/p>\n<p>En esta gira de trabajo, el mandatario estatal inaugur\u00f3 la techumbre de la Escuela Primaria &#8220;L\u00e1zaro C\u00e1rdenas del R\u00edo&#8221; ubicada en la comunidad de Las Maravillas, que tuvo una inversi\u00f3n de 190 mil pesos; posteriormente puso en marcha los trabajos de embellecimiento del acceso principal de la instalaci\u00f3n educativa, lo que requerir\u00e1 recursos por el orden de los 330 mil pesos.<\/p>\n<p><a href=\"https:\/\/radiowebmx.com\/nota\/wp-content\/uploads\/2017\/07\/cf365331-936c-45fa-beb7-eb966ab19e6f.jpeg\"><img loading=\"lazy\" decoding=\"async\" class=\"wp-image-40788 alignnone\" src=\"https:\/\/radiowebmx.com\/nota\/wp-content\/uploads\/2017\/07\/cf365331-936c-45fa-beb7-eb966ab19e6f-595x750.jpeg\" alt=\"\" width=\"400\" height=\"505\" srcset=\"https:\/\/radiowebmx.com\/nota\/wp-content\/uploads\/2017\/07\/cf365331-936c-45fa-beb7-eb966ab19e6f-595x750.jpeg 595w, https:\/\/radiowebmx.com\/nota\/wp-content\/uploads\/2017\/07\/cf365331-936c-45fa-beb7-eb966ab19e6f.jpeg 709w\" sizes=\"auto, (max-width: 400px) 100vw, 400px\" \/><\/a><\/p>\n<p>En un segundo punto, en la tenencia de Santiago Acahuato puso en marcha los trabajos de rehabilitaci\u00f3n de la Plaza Principal de Santiago Acahuato en donde se destinar\u00e1n alrededor de 5 millones de pesos, recursos del Ayuntamiento de Apatzing\u00e1n.<\/p>\n<p>De igual manera, adelant\u00f3 que en cuatro semanas ser\u00e1n inaugurados los trabajos de rehabilitaci\u00f3n del tramo carretero Apatzing\u00e1n &#8211; Acahuato donde se mejoraron 11 kil\u00f3metros del kil\u00f3metro 2+700 al 9+800, con una inversi\u00f3n de 23 millones de pesos.<\/p>\n<p>El presidente municipal de Apatzing\u00e1n, C\u00e9sar Ch\u00e1vez Garibay agradeci\u00f3 cada una de las acciones que el Gobierno del Estado ha hecho en este municipio y destac\u00f3 que era la primera ocasi\u00f3n en la que un Gobernador visitaba este poblado.<\/p>\n<p><a href=\"https:\/\/radiowebmx.com\/nota\/wp-content\/uploads\/2017\/07\/14115f9e-2c2a-47d2-961f-b23116754dbd.jpeg\"><img loading=\"lazy\" decoding=\"async\" class=\"alignnone wp-image-40781\" src=\"https:\/\/radiowebmx.com\/nota\/wp-content\/uploads\/2017\/07\/14115f9e-2c2a-47d2-961f-b23116754dbd-595x396.jpeg\" alt=\"\" width=\"400\" height=\"266\" srcset=\"https:\/\/radiowebmx.com\/nota\/wp-content\/uploads\/2017\/07\/14115f9e-2c2a-47d2-961f-b23116754dbd-595x396.jpeg 595w, https:\/\/radiowebmx.com\/nota\/wp-content\/uploads\/2017\/07\/14115f9e-2c2a-47d2-961f-b23116754dbd-272x182.jpeg 272w, https:\/\/radiowebmx.com\/nota\/wp-content\/uploads\/2017\/07\/14115f9e-2c2a-47d2-961f-b23116754dbd.jpeg 709w\" sizes=\"auto, (max-width: 400px) 100vw, 400px\" \/><\/a><\/p>\n<p>Asimismo, precis\u00f3 que la rehabilitaci\u00f3n del tramo carretero Apatzing\u00e1n &#8211; Acahuato era necesaria desde hace cinco a\u00f1os, pues era intransitable. &#8220;Gracias Gobernador por esta obra&#8221;.<\/p>\n<p>V\u00edctor Manuel Silva Tejeda calific\u00f3 como fundamental que los tres \u00f3rdenes de Gobierno se unan para trabajar y as\u00ed apoyar a quienes requieren este tipo de acciones.<\/p>\n<p>Estuvieron presentes el secretario de Seguridad P\u00fablica, Juan Bernardo Corona Mart\u00ednez; el comandante de la 43 Zona Militar, general\u00a0 Cruz Isaac Mu\u00f1oz Navarro; la titular de la Seimujer, Fabiola Alan\u00eds S\u00e1mano; el obispo de Apatzing\u00e1n, monse\u00f1or Crist\u00f3bal Ascencio Garc\u00eda; el director general de la Junta de Caminos, Eduardo Noel Villa Ortiz, as\u00ed como diversas autoridades estatales y municipales.<\/p>\n","protected":false},"excerpt":{"rendered":"<p>&nbsp; El Gobernador del Estado inaugura y pone en marcha obras en la tenencia de Santiago Acahuato. &nbsp; Santiago Acahuato, mpio. de Apatzing\u00e1n, Michoac\u00e1n, a 24 de julio de 2017.-\u00a0Para que las condiciones de vida mejoren en la tenencia de Santiago Acahuato, en el municipio de Apatzing\u00e1n, &#8220;lo limpiaremos de la delincuencia&#8221;, asegur\u00f3 el Gobernador [&hellip;]<\/p>\n","protected":false},"author":2,"featured_media":40779,"comment_status":"closed","ping_status":"closed","sticky":false,"template":"","format":"standard","meta":{"footnotes":""},"categories":[14,3,60],"tags":[],"class_list":["post-40778","post","type-post","status-publish","format-standard","has-post-thumbnail","hentry","category-destacadas","category-gobierno-del-estado-de-michoacan","category-michoacan"],"_links":{"self":[{"href":"https:\/\/radiowebmx.com\/nota\/wp-json\/wp\/v2\/posts\/40778","targetHints":{"allow":["GET"]}}],"collection":[{"href":"https:\/\/radiowebmx.com\/nota\/wp-json\/wp\/v2\/posts"}],"about":[{"href":"https:\/\/radiowebmx.com\/nota\/wp-json\/wp\/v2\/types\/post"}],"author":[{"embeddable":true,"href":"https:\/\/radiowebmx.com\/nota\/wp-json\/wp\/v2\/users\/2"}],"replies":[{"embeddable":true,"href":"https:\/\/radiowebmx.com\/nota\/wp-json\/wp\/v2\/comments?post=40778"}],"version-history":[{"count":6,"href":"https:\/\/radiowebmx.com\/nota\/wp-json\/wp\/v2\/posts\/40778\/revisions"}],"predecessor-version":[{"id":40844,"href":"https:\/\/radiowebmx.com\/nota\/wp-json\/wp\/v2\/posts\/40778\/revisions\/40844"}],"wp:featuredmedia":[{"embeddable":true,"href":"https:\/\/radiowebmx.com\/nota\/wp-json\/wp\/v2\/media\/40779"}],"wp:attachment":[{"href":"https:\/\/radiowebmx.com\/nota\/wp-json\/wp\/v2\/media?parent=40778"}],"wp:term":[{"taxonomy":"category","embeddable":true,"href":"https:\/\/radiowebmx.com\/nota\/wp-json\/wp\/v2\/categories?post=40778"},{"taxonomy":"post_tag","embeddable":true,"href":"https:\/\/radiowebmx.com\/nota\/wp-json\/wp\/v2\/tags?post=40778"}],"curies":[{"name":"wp","href":"https:\/\/api.w.org\/{rel}","templated":true}]}}