{"id":40744,"date":"2017-07-24T12:29:55","date_gmt":"2017-07-24T17:29:55","guid":{"rendered":"https:\/\/radiowebmx.com\/nota\/?p=40744"},"modified":"2017-07-24T12:57:46","modified_gmt":"2017-07-24T17:57:46","slug":"ayuntamiento-de-morelia-pone-en-marcha-el-curso-de-verano-de-natacion-acuatizate","status":"publish","type":"post","link":"https:\/\/radiowebmx.com\/nota\/ayuntamiento-de-morelia-pone-en-marcha-el-curso-de-verano-de-natacion-acuatizate\/","title":{"rendered":"Ayuntamiento de Morelia pone en marcha el Curso de Verano de Nataci\u00f3n \u201cAcuatizate\u201d"},"content":{"rendered":"<ul>\n<li><strong>\u00a0Se realiza en las albercas: Morelos-Indeco, Bicentenario y Villa Magna.<\/strong><\/li>\n<li><strong>\u00a0Participan alrededor de 300 ni\u00f1os y j\u00f3venes.<\/strong><br \/>\n<strong>\u00a0<\/strong><\/li>\n<\/ul>\n<p><a href=\"https:\/\/radiowebmx.com\/nota\/wp-content\/uploads\/2017\/07\/487b7d48-9501-4dfd-97bf-ca14e53af244.jpg\"><img loading=\"lazy\" decoding=\"async\" class=\"alignnone  wp-image-40746\" src=\"https:\/\/radiowebmx.com\/nota\/wp-content\/uploads\/2017\/07\/487b7d48-9501-4dfd-97bf-ca14e53af244-595x384.jpg\" alt=\"\" width=\"401\" height=\"258\" srcset=\"https:\/\/radiowebmx.com\/nota\/wp-content\/uploads\/2017\/07\/487b7d48-9501-4dfd-97bf-ca14e53af244-595x384.jpg 595w, https:\/\/radiowebmx.com\/nota\/wp-content\/uploads\/2017\/07\/487b7d48-9501-4dfd-97bf-ca14e53af244.jpg 709w\" sizes=\"auto, (max-width: 401px) 100vw, 401px\" \/><\/a><\/p>\n<div>Con la intenci\u00f3n de ofrecer alternativas de calidad para la activaci\u00f3n de los ni\u00f1os durante este periodo vacacional, el Ayuntamiento de Morelia a trav\u00e9s del Instituto Municipal de Cultura F\u00edsica y Deporte (IMCUFIDE) arranc\u00f3 el Curso de Verano de Nataci\u00f3n, el cual re\u00fane a m\u00e1s de 300 infantes y adolescentes, acci\u00f3n que se realiza simult\u00e1neamente en los complejos acu\u00e1ticos: Morelos Indeco, Bicentenario y Villa Magna.<\/p>\n<p>El compromiso con la ni\u00f1ez y juventud moreliana, es de vital importancia para la Administraci\u00f3n que encabeza el Presidente Municipal, Alfonso Mart\u00ednez Alc\u00e1zar, por tal motivo, brinda a trav\u00e9s del \u00f3rgano rector del deporte en la capital (IMCUFIDE), la oportunidad de no solo aprender sino integrarse a la nataci\u00f3n de forma competitiva y con ello, disminuir los \u00edndices de obesidad infantil.<\/p>\n<p>En \u201cAcuatizate\u201d slogan que lleva por nombre el Curso de Verano del IMCUFIDE, se dieron cita en la apertura: Salvador Alegre \u00c1lvarez, Encargado del Despacho del Instituto Municipal de Cultura F\u00edsica y Deporte; Osvaldo Castro Nieves, Director Operativo de la paramunicipal; adem\u00e1s de Hugo Mac\u00edas Caballero, Coordinador de Actividades Acu\u00e1ticas.\n<\/p><\/div>\n<div><a href=\"https:\/\/radiowebmx.com\/nota\/wp-content\/uploads\/2017\/07\/27b83e42-e118-4765-8efc-103d334d187f.jpg\"><img loading=\"lazy\" decoding=\"async\" class=\"alignnone  wp-image-40747\" src=\"https:\/\/radiowebmx.com\/nota\/wp-content\/uploads\/2017\/07\/27b83e42-e118-4765-8efc-103d334d187f-595x397.jpg\" alt=\"\" width=\"399\" height=\"266\" srcset=\"https:\/\/radiowebmx.com\/nota\/wp-content\/uploads\/2017\/07\/27b83e42-e118-4765-8efc-103d334d187f-595x397.jpg 595w, https:\/\/radiowebmx.com\/nota\/wp-content\/uploads\/2017\/07\/27b83e42-e118-4765-8efc-103d334d187f-272x182.jpg 272w, https:\/\/radiowebmx.com\/nota\/wp-content\/uploads\/2017\/07\/27b83e42-e118-4765-8efc-103d334d187f.jpg 709w\" sizes=\"auto, (max-width: 399px) 100vw, 399px\" \/><\/a><\/div>\n<div>\n\u201cEste curso es para los ni\u00f1os, porque reconocemos en ellos el futuro de nuestra ciudad y pa\u00eds en todo sentido, en este curso intensivo podr\u00e1n aprender de la nataci\u00f3n y aquellos que ya la conocen, terminar por adentrarse en ella y as\u00ed sean usurarios recurrentes de estos espacios, que es un objetivo del Alcalde, Alfonso Mart\u00ednez Alc\u00e1zar\u201d, destac\u00f3 Salvador Alegre \u00c1lvarez.<\/p>\n<p>El objetivo de este curso que se extender\u00e1 hasta el pr\u00f3ximo 11 de agosto, adem\u00e1s de activar a ni\u00f1os y j\u00f3venes durante el periodo vacacional, es el de atraer a una mayor cantidad de usuarios a sus albercas, por lo cual dar\u00e1n algunas facilidades para que los interesados se puedan integrar al programa anual de actividades, con solo hacer el pago de la mensualidad correspondiente, es decir, sin necesidad de hacer otro deposito por la inscripci\u00f3n.<\/p>\n<p>Adem\u00e1s, se resalt\u00f3 que aquellos que muestren un gran rendimiento ser\u00e1n invitados a formar parte del equipo Ranas IMDE, por lo que los instructores tambi\u00e9n fungir\u00e1n en este lapso como visores para as\u00ed detectar el talento de forma directa.<\/p>\n<p>Esta actividad, que est\u00e1 programada para tener una duraci\u00f3n de tres semanas, consta de sesiones intensivas de 60 minutos por d\u00eda, entre las 09:00 y 15:00 horas, periodo en el que se les ense\u00f1ar\u00e1n diferentes aspectos de la nataci\u00f3n de acuerdo al nivel al que se hayan inscrito en las albercas: Semiol\u00edmpica Morelos Indeco, Complejo Acu\u00e1tico Bicentenario y Villa Magna.<\/p>\n<p>Las categor\u00edas incluidas son Mini Infantil (6 a 8 a\u00f1os), Infantil (9 a 13), adem\u00e1s de la Juvenil (14 a 17 a\u00f1os), en las cuales se manejar\u00e1n tres niveles, de acuerdo a la destreza de cada uno de los alumnos (Principiantes, Intermedios y Avanzados).<\/p>\n<p>El proceso de inscripci\u00f3n se mantendr\u00e1 abierto durante esta semana y tiene un valor de 500 pesos; el pago se puede efectuar a trav\u00e9s de un dep\u00f3sito bancario, al n\u00famero de cuenta 189117957, a nombre del Instituto Municipal de Cultura F\u00edsica y Deporte.<\/p>\n<p>Los requisitos para poder ingresar son: dos fotograf\u00edas tama\u00f1o infantil, una copia de la curp y un certificado m\u00e9dico, el cual es expedido por el personal del IMDE y tiene un costo de 50 pesos.<\/p><\/div>\n","protected":false},"excerpt":{"rendered":"<p>\u00a0Se realiza en las albercas: Morelos-Indeco, Bicentenario y Villa Magna. \u00a0Participan alrededor de 300 ni\u00f1os y j\u00f3venes. \u00a0 Con la intenci\u00f3n de ofrecer alternativas de calidad para la activaci\u00f3n de los ni\u00f1os durante este periodo vacacional, el Ayuntamiento de Morelia a trav\u00e9s del Instituto Municipal de Cultura F\u00edsica y Deporte (IMCUFIDE) arranc\u00f3 el Curso de [&hellip;]<\/p>\n","protected":false},"author":2,"featured_media":40745,"comment_status":"closed","ping_status":"closed","sticky":false,"template":"","format":"standard","meta":{"footnotes":""},"categories":[14,60,9],"tags":[],"class_list":["post-40744","post","type-post","status-publish","format-standard","has-post-thumbnail","hentry","category-destacadas","category-michoacan","category-morelia"],"_links":{"self":[{"href":"https:\/\/radiowebmx.com\/nota\/wp-json\/wp\/v2\/posts\/40744","targetHints":{"allow":["GET"]}}],"collection":[{"href":"https:\/\/radiowebmx.com\/nota\/wp-json\/wp\/v2\/posts"}],"about":[{"href":"https:\/\/radiowebmx.com\/nota\/wp-json\/wp\/v2\/types\/post"}],"author":[{"embeddable":true,"href":"https:\/\/radiowebmx.com\/nota\/wp-json\/wp\/v2\/users\/2"}],"replies":[{"embeddable":true,"href":"https:\/\/radiowebmx.com\/nota\/wp-json\/wp\/v2\/comments?post=40744"}],"version-history":[{"count":1,"href":"https:\/\/radiowebmx.com\/nota\/wp-json\/wp\/v2\/posts\/40744\/revisions"}],"predecessor-version":[{"id":40748,"href":"https:\/\/radiowebmx.com\/nota\/wp-json\/wp\/v2\/posts\/40744\/revisions\/40748"}],"wp:featuredmedia":[{"embeddable":true,"href":"https:\/\/radiowebmx.com\/nota\/wp-json\/wp\/v2\/media\/40745"}],"wp:attachment":[{"href":"https:\/\/radiowebmx.com\/nota\/wp-json\/wp\/v2\/media?parent=40744"}],"wp:term":[{"taxonomy":"category","embeddable":true,"href":"https:\/\/radiowebmx.com\/nota\/wp-json\/wp\/v2\/categories?post=40744"},{"taxonomy":"post_tag","embeddable":true,"href":"https:\/\/radiowebmx.com\/nota\/wp-json\/wp\/v2\/tags?post=40744"}],"curies":[{"name":"wp","href":"https:\/\/api.w.org\/{rel}","templated":true}]}}