{"id":40729,"date":"2017-07-22T15:16:42","date_gmt":"2017-07-22T20:16:42","guid":{"rendered":"https:\/\/radiowebmx.com\/nota\/?p=40729"},"modified":"2017-07-24T12:32:38","modified_gmt":"2017-07-24T17:32:38","slug":"celebran-en-morelia-la-5a-fecha-del-campeonato-nacional-off-road-2017","status":"publish","type":"post","link":"https:\/\/radiowebmx.com\/nota\/celebran-en-morelia-la-5a-fecha-del-campeonato-nacional-off-road-2017\/","title":{"rendered":"Celebran en Morelia la 5\u00aa fecha del Campeonato Nacional Off Road 2017"},"content":{"rendered":"<p><a href=\"https:\/\/radiowebmx.com\/nota\/wp-content\/uploads\/2017\/07\/9a0f4f08-fac4-4da3-86b3-38413229b26f.jpg\"><img loading=\"lazy\" decoding=\"async\" class=\"alignnone  wp-image-40731\" src=\"https:\/\/radiowebmx.com\/nota\/wp-content\/uploads\/2017\/07\/9a0f4f08-fac4-4da3-86b3-38413229b26f-595x381.jpg\" alt=\"\" width=\"400\" height=\"256\" srcset=\"https:\/\/radiowebmx.com\/nota\/wp-content\/uploads\/2017\/07\/9a0f4f08-fac4-4da3-86b3-38413229b26f-595x381.jpg 595w, https:\/\/radiowebmx.com\/nota\/wp-content\/uploads\/2017\/07\/9a0f4f08-fac4-4da3-86b3-38413229b26f.jpg 709w\" sizes=\"auto, (max-width: 400px) 100vw, 400px\" \/><\/a><\/p>\n<p>&nbsp;<\/p>\n<p>Con el banderazo de salida realizado por Salvador Alegre \u00c1lvarez, en representaci\u00f3n del Presidente Municipal, Alfonso Mart\u00ednez Alc\u00e1zar, arranc\u00f3 la 5\u00aa fecha del Campeonato Nacional de Off Road, \u00a0con la presencia de m\u00e1s de 30 pilotos de diversos puntos de la Rep\u00fablica Mexicana, el cual tiene como escenario la comunidad de Ichaqueo, perteneciente a la capital michoacana.<\/p>\n<p>El serial avalado por la Federaci\u00f3n Mexicana de Automovilismo Deportivo lleg\u00f3 por primera ocasi\u00f3n a la ciudad de la Cantera Rosa, esto como resultado del compromiso del Alcalde, Alfonso Mart\u00ednez Alc\u00e1zar, a trav\u00e9s del Instituto Municipal de Cultura F\u00edsica y Deporte (IMCUFIDE), por promover Morelia como cuna de grandes campeonatos.<\/p>\n<p>Desde temprana hora numerosas camionetas que cargaban los veh\u00edculos de competencia comenzaron a arribar a la comunidad de Ichaqueo, en donde colocaron toldos para afinar los \u00faltimos detalles de cara a la carrera, adem\u00e1s de que familiares y amantes al deporte motor tambi\u00e9n buscaban un lugar que les permitiera observar de la mejor manera.<\/p>\n<p>Salvador Alegre \u00c1lvarez, encargado del despacho del IMCUFIDE, dio el banderazo de salida, tras el cual se abri\u00f3 paso a los primeros veh\u00edculos en cruzar el circuito trazado en esa zona monta\u00f1osa.<\/p>\n<p>\u201cCon esto el Ayuntamiento de Morelia da un paso al frente en su intenci\u00f3n por seguir con el posicionamiento, sabemos de la importancia que han tomado los deportes extremos \u00faltimamente y tambi\u00e9n queremos brindar atenci\u00f3n para que la sociedad disfrute de su deporte favorito\u201d, mencion\u00f3 Salvador Alegre \u00c1lvarez.<\/p>\n<p>La 5\u00aa fecha del Campeonato Nacional de Off Road congrega a poco m\u00e1s de 30 pilotos de estados como: Jalisco Oaxaca, Baja California, Nuevo Le\u00f3n, Quer\u00e9taro y Michoac\u00e1n, quienes pusieron a prueba sus mejores habilidades, debido lo extremo del recorrido.<\/p>\n<p>La competencia incluye nueve categor\u00edas, en las que se pueden observar veh\u00edculos desde los famosos \u201cescarabajos\u201d, hasta algunos con grandes motores de autos deportivos protegidos solo por armazones, los cuales tuvieron que cumplir con cinco vueltas a un circuito de 26 kil\u00f3metros lleno de curvas y pendientes.<\/p>\n<p>De acuerdo a los organizadores, se trabaja para que la etapa en Morelia se convierta en una fecha regular dentro del campeonato, lo que est\u00e1 a nada de concretarse debido a la buena respuesta obtenida.<\/p>\n","protected":false},"excerpt":{"rendered":"<p>&nbsp; Con el banderazo de salida realizado por Salvador Alegre \u00c1lvarez, en representaci\u00f3n del Presidente Municipal, Alfonso Mart\u00ednez Alc\u00e1zar, arranc\u00f3 la 5\u00aa fecha del Campeonato Nacional de Off Road, \u00a0con la presencia de m\u00e1s de 30 pilotos de diversos puntos de la Rep\u00fablica Mexicana, el cual tiene como escenario la comunidad de Ichaqueo, perteneciente a [&hellip;]<\/p>\n","protected":false},"author":2,"featured_media":40730,"comment_status":"closed","ping_status":"closed","sticky":false,"template":"","format":"standard","meta":{"footnotes":""},"categories":[14,60,9],"tags":[],"class_list":["post-40729","post","type-post","status-publish","format-standard","has-post-thumbnail","hentry","category-destacadas","category-michoacan","category-morelia"],"_links":{"self":[{"href":"https:\/\/radiowebmx.com\/nota\/wp-json\/wp\/v2\/posts\/40729","targetHints":{"allow":["GET"]}}],"collection":[{"href":"https:\/\/radiowebmx.com\/nota\/wp-json\/wp\/v2\/posts"}],"about":[{"href":"https:\/\/radiowebmx.com\/nota\/wp-json\/wp\/v2\/types\/post"}],"author":[{"embeddable":true,"href":"https:\/\/radiowebmx.com\/nota\/wp-json\/wp\/v2\/users\/2"}],"replies":[{"embeddable":true,"href":"https:\/\/radiowebmx.com\/nota\/wp-json\/wp\/v2\/comments?post=40729"}],"version-history":[{"count":1,"href":"https:\/\/radiowebmx.com\/nota\/wp-json\/wp\/v2\/posts\/40729\/revisions"}],"predecessor-version":[{"id":40732,"href":"https:\/\/radiowebmx.com\/nota\/wp-json\/wp\/v2\/posts\/40729\/revisions\/40732"}],"wp:featuredmedia":[{"embeddable":true,"href":"https:\/\/radiowebmx.com\/nota\/wp-json\/wp\/v2\/media\/40730"}],"wp:attachment":[{"href":"https:\/\/radiowebmx.com\/nota\/wp-json\/wp\/v2\/media?parent=40729"}],"wp:term":[{"taxonomy":"category","embeddable":true,"href":"https:\/\/radiowebmx.com\/nota\/wp-json\/wp\/v2\/categories?post=40729"},{"taxonomy":"post_tag","embeddable":true,"href":"https:\/\/radiowebmx.com\/nota\/wp-json\/wp\/v2\/tags?post=40729"}],"curies":[{"name":"wp","href":"https:\/\/api.w.org\/{rel}","templated":true}]}}