{"id":40716,"date":"2017-07-22T15:33:39","date_gmt":"2017-07-22T20:33:39","guid":{"rendered":"https:\/\/radiowebmx.com\/nota\/?p=40716"},"modified":"2017-07-24T11:54:55","modified_gmt":"2017-07-24T16:54:55","slug":"arranca-congreso-fitness-morelia-2017","status":"publish","type":"post","link":"https:\/\/radiowebmx.com\/nota\/arranca-congreso-fitness-morelia-2017\/","title":{"rendered":"Arranca Congreso Fitness Morelia 2017"},"content":{"rendered":"<p><a href=\"https:\/\/radiowebmx.com\/nota\/wp-content\/uploads\/2017\/07\/99841201-181b-45a2-b0cc-92456caf3b39.jpg\"><img loading=\"lazy\" decoding=\"async\" class=\"alignnone  wp-image-40718\" src=\"https:\/\/radiowebmx.com\/nota\/wp-content\/uploads\/2017\/07\/99841201-181b-45a2-b0cc-92456caf3b39-595x405.jpg\" alt=\"\" width=\"400\" height=\"272\" srcset=\"https:\/\/radiowebmx.com\/nota\/wp-content\/uploads\/2017\/07\/99841201-181b-45a2-b0cc-92456caf3b39-595x405.jpg 595w, https:\/\/radiowebmx.com\/nota\/wp-content\/uploads\/2017\/07\/99841201-181b-45a2-b0cc-92456caf3b39.jpg 709w\" sizes=\"auto, (max-width: 400px) 100vw, 400px\" \/><\/a><\/p>\n<p>&nbsp;<\/p>\n<p>Con la promesa de sentar las bases de conocimientos para formar a mejores instructores y as\u00ed activar de mejor manera a la sociedad, este s\u00e1bado\u00a0se puso en marcha el Congreso Fitness Morelia 2017, en la Unidad Deportiva Morelos Indeco con la participaci\u00f3n de 70 expertos en la materia\u00a0 de diversos municipios de la entidad.<\/p>\n<p>Durante la Administraci\u00f3n del Alcalde, Alfonso Mart\u00ednez Alc\u00e1zar, se ha dado prioridad a la formaci\u00f3n de personal mejor capacitado para as\u00ed llevar el deporte a todos los rincones de la ciudad, acci\u00f3n por la cual el Instituto Municipal de Cultura F\u00edsica y Deporte (IMCUFIDE) respald\u00f3 este simposio organizado por Fit Addiction Center.<\/p>\n<p><a href=\"https:\/\/radiowebmx.com\/nota\/wp-content\/uploads\/2017\/07\/d9bacd59-d8b8-44b8-827b-301a7abe5d1a.jpg\"><img loading=\"lazy\" decoding=\"async\" class=\"alignnone  wp-image-40719\" src=\"https:\/\/radiowebmx.com\/nota\/wp-content\/uploads\/2017\/07\/d9bacd59-d8b8-44b8-827b-301a7abe5d1a-595x314.jpg\" alt=\"\" width=\"400\" height=\"212\" srcset=\"https:\/\/radiowebmx.com\/nota\/wp-content\/uploads\/2017\/07\/d9bacd59-d8b8-44b8-827b-301a7abe5d1a-595x314.jpg 595w, https:\/\/radiowebmx.com\/nota\/wp-content\/uploads\/2017\/07\/d9bacd59-d8b8-44b8-827b-301a7abe5d1a.jpg 709w\" sizes=\"auto, (max-width: 400px) 100vw, 400px\" \/><\/a><\/p>\n<p>El curso tiene como fin presentar las diferentes novedades de algunas de las principales marcas de acondicionamiento f\u00edsico y baile en el pa\u00eds, las cuales se replican a trav\u00e9s de los instructores en la impartici\u00f3n de \u00a0clases.<\/p>\n<p>La explanada al interior del Complejo Acu\u00e1tico \u201cMedallistas Paral\u00edmpicos\u201d de la Unidad Deportiva Morelos Indeco fue el escenario donde se dio comienzo a la actividad, con una breve ceremonia de inauguraci\u00f3n encabezada por Salvador Alegre \u00c1lvarez, encargado de despacho del IMCUFIDE; Maribel Robledo, organizadora del evento; adem\u00e1s de Bryan Vel\u00e1zquez, director de Work Fit.<\/p>\n<p>\u201cLos esfuerzos que hace el Ayuntamiento en conjunto a marcas especializadas es con el af\u00e1n de que en Morelia se tenga a gente capaz al frente de los grupos de ense\u00f1anza deportiva, acci\u00f3n que es fundamental para que se den los pasos correctos rumbo a una sociedad m\u00e1s sana\u201d, comparti\u00f3 Salvador Alegre \u00c1lvarez.<\/p>\n<p>El Congreso de Fitness Morelia 2017 reuni\u00f3 a poco m\u00e1s de 70 instructores, tanto de la capital michoacana como de otros municipios: Uruapan y L\u00e1zaro C\u00e1rdenas, quienes en dos d\u00edas adquirir\u00e1n nuevas herramientas.<\/p>\n<p>El primer d\u00eda de este simposio consisti\u00f3 en 11 intensas clases que fueron\u00a0 impartidas por representantes de marcas como Dance Fitness, Fit Combat, Go Go Dance, Strenght, Cool Dance y Zumba Fitness.<\/p>\n<p>El domingo las acciones consistir\u00e1n en cuatro talleres a cargo de Iv\u00e1n Cordero, Brian Vel\u00e1zquez, Jes\u00fas Levy y Alan Alvarado, para los cuales se contempla una afluencia de 50 personas.<\/p>\n","protected":false},"excerpt":{"rendered":"<p>&nbsp; Con la promesa de sentar las bases de conocimientos para formar a mejores instructores y as\u00ed activar de mejor manera a la sociedad, este s\u00e1bado\u00a0se puso en marcha el Congreso Fitness Morelia 2017, en la Unidad Deportiva Morelos Indeco con la participaci\u00f3n de 70 expertos en la materia\u00a0 de diversos municipios de la entidad. [&hellip;]<\/p>\n","protected":false},"author":2,"featured_media":40717,"comment_status":"closed","ping_status":"closed","sticky":false,"template":"","format":"standard","meta":{"footnotes":""},"categories":[14,60,9],"tags":[],"class_list":["post-40716","post","type-post","status-publish","format-standard","has-post-thumbnail","hentry","category-destacadas","category-michoacan","category-morelia"],"_links":{"self":[{"href":"https:\/\/radiowebmx.com\/nota\/wp-json\/wp\/v2\/posts\/40716","targetHints":{"allow":["GET"]}}],"collection":[{"href":"https:\/\/radiowebmx.com\/nota\/wp-json\/wp\/v2\/posts"}],"about":[{"href":"https:\/\/radiowebmx.com\/nota\/wp-json\/wp\/v2\/types\/post"}],"author":[{"embeddable":true,"href":"https:\/\/radiowebmx.com\/nota\/wp-json\/wp\/v2\/users\/2"}],"replies":[{"embeddable":true,"href":"https:\/\/radiowebmx.com\/nota\/wp-json\/wp\/v2\/comments?post=40716"}],"version-history":[{"count":1,"href":"https:\/\/radiowebmx.com\/nota\/wp-json\/wp\/v2\/posts\/40716\/revisions"}],"predecessor-version":[{"id":40720,"href":"https:\/\/radiowebmx.com\/nota\/wp-json\/wp\/v2\/posts\/40716\/revisions\/40720"}],"wp:featuredmedia":[{"embeddable":true,"href":"https:\/\/radiowebmx.com\/nota\/wp-json\/wp\/v2\/media\/40717"}],"wp:attachment":[{"href":"https:\/\/radiowebmx.com\/nota\/wp-json\/wp\/v2\/media?parent=40716"}],"wp:term":[{"taxonomy":"category","embeddable":true,"href":"https:\/\/radiowebmx.com\/nota\/wp-json\/wp\/v2\/categories?post=40716"},{"taxonomy":"post_tag","embeddable":true,"href":"https:\/\/radiowebmx.com\/nota\/wp-json\/wp\/v2\/tags?post=40716"}],"curies":[{"name":"wp","href":"https:\/\/api.w.org\/{rel}","templated":true}]}}