{"id":40534,"date":"2017-07-19T16:54:41","date_gmt":"2017-07-19T21:54:41","guid":{"rendered":"https:\/\/radiowebmx.com\/nota\/?p=40534"},"modified":"2017-07-20T11:47:52","modified_gmt":"2017-07-20T16:47:52","slug":"ayuntamiento-lanza-convocatoria-para-primer-festival-de-videoclip-de-morelia","status":"publish","type":"post","link":"https:\/\/radiowebmx.com\/nota\/ayuntamiento-lanza-convocatoria-para-primer-festival-de-videoclip-de-morelia\/","title":{"rendered":"Ayuntamiento lanza convocatoria para \u201cPrimer Festival de Videoclip de Morelia\u201d"},"content":{"rendered":"<table class=\"x_mcnTextBlock\" border=\"0\" width=\"100%\" cellspacing=\"0\" cellpadding=\"0\">\n<tbody class=\"x_mcnTextBlockOuter\">\n<tr>\n<td class=\"x_mcnTextBlockInner\" valign=\"top\">\n<table class=\"x_mcnTextContentContainer\" border=\"0\" width=\"100%\" cellspacing=\"0\" cellpadding=\"0\" align=\"left\">\n<tbody>\n<tr>\n<td class=\"x_mcnTextContent\" valign=\"top\">\n<ul>\n<li><strong>El Director del Colegio de Morelia destac\u00f3 que \u00e9sta es una de las acciones para colocar a la Ciudad como el destino cultural predilecto del pa\u00eds.<\/strong><\/li>\n<\/ul>\n<ul>\n<li><strong>La intenci\u00f3n es vincular a m\u00fasicos y artistas visuales con artistas visuales y esc\u00e9nicos, para impulsar la colaboraci\u00f3n interdisciplinaria, reconocer y premiar al talento local.<\/strong><\/li>\n<\/ul>\n<p><a href=\"https:\/\/radiowebmx.com\/nota\/wp-content\/uploads\/2017\/07\/93107940-4e91-4279-bd06-f3689c5b80b5.jpeg\"><img loading=\"lazy\" decoding=\"async\" class=\"alignnone  wp-image-40537\" src=\"https:\/\/radiowebmx.com\/nota\/wp-content\/uploads\/2017\/07\/93107940-4e91-4279-bd06-f3689c5b80b5-595x396.jpeg\" alt=\"\" width=\"401\" height=\"267\" srcset=\"https:\/\/radiowebmx.com\/nota\/wp-content\/uploads\/2017\/07\/93107940-4e91-4279-bd06-f3689c5b80b5-595x396.jpeg 595w, https:\/\/radiowebmx.com\/nota\/wp-content\/uploads\/2017\/07\/93107940-4e91-4279-bd06-f3689c5b80b5-272x182.jpeg 272w, https:\/\/radiowebmx.com\/nota\/wp-content\/uploads\/2017\/07\/93107940-4e91-4279-bd06-f3689c5b80b5.jpeg 709w\" sizes=\"auto, (max-width: 401px) 100vw, 401px\" \/><\/a><\/p>\n<div>Como parte de las acciones para consolidar a Morelia como el destino cultural y educativo del pa\u00eds e impulsar el talento art\u00edstico local, el Ayuntamiento capitalino en coordinaci\u00f3n con el Colectivo Pupila T\u00f3nica, lanza la convocatoria para participar en el \u201cPrimer Festival de Videoclip de Morelia\u201d.<\/p>\n<p>En rueda de prensa, el Director del Colegio de Morelia, Alejandro Amante Urbina, acompa\u00f1ado del Regidor, Benjam\u00edn Farf\u00e1n Reyes y el representante de dicha organizaci\u00f3n, El\u00edas Campos Farf\u00e1n, destac\u00f3 que de manera in\u00e9dita en el estado, se llevar\u00e1 a cabo este Festival con el prop\u00f3sito de vincular, reconocer y promover el talento de los artistas morelianos.<\/p>\n<p>&#8220;Siguiendo la encomienda de nuestro Presidente Municipal, Alfonso Mart\u00ednez Alc\u00e1zar, as\u00ed como del objetivo del Colegio de Morelia, de dar oportunidades y facilidades de educaci\u00f3n y cultura a todos los ciudadanos, se abre esta convocatoria dirigida a los m\u00fasicos, artistas visuales y esc\u00e9nicos para que creen un videoclip y den a conocer sus habilidades&#8221;, detall\u00f3.<\/p>\n<p>Amante Urbina, resalt\u00f3 que la intenci\u00f3n de realizar el concurso mediante este formato, radica en que el videoclip ha sido una herramienta fundamental de promoci\u00f3n para los artistas, &#8220;se trata de impulsar la industria creativa alrededor de este instrumento con promoci\u00f3n y capacitaci\u00f3n&#8221;, a\u00f1adi\u00f3.<\/p>\n<p>Al hacer uso de la voz, el Regidor, Benjam\u00edn Farf\u00e1n, hizo \u00e9nfasis en su inter\u00e9s por coadyuvar en la promoci\u00f3n de eventos culturales en la ciudad, muestra de ello, apunt\u00f3, es este magno evento que aglutinar\u00e1 a bandas y expresiones musicales en un concurso de videoclips y el cual cerrar\u00e1 con broche de oro mediante un evento musical de dos d\u00edas en el teatro del Colegio de Morelia.<\/p>\n<p>En su oportunidad, el representante del Colectivo Pupila T\u00f3nica, El\u00edas Campos, puntualiz\u00f3 el inter\u00e9s de vincular y aportar a la comunidad art\u00edstica, a trav\u00e9s de este concurso, cuya convocatoria se public\u00f3 el 19 de julio y culminar\u00e1 el 12 de septiembre del a\u00f1o en curso.<\/p>\n<p>Precis\u00f3 que el festival ofrece una bolsa de 25 mil pesos en premios, mediante un concurso en l\u00ednea, donde el ganador recibir\u00e1 10 mil pesos, as\u00ed como una selecci\u00f3n de jurado, en el que el primer lugar obtendr\u00e1 15 mil pesos.<\/p>\n<p>Campos Farf\u00e1n, explic\u00f3 adem\u00e1s que el festival contempla entrevistas y conferencias con realizadores locales, capacitaci\u00f3n u una cl\u00ednica de video y de sonorizaci\u00f3n; en tanto, inform\u00f3 que el 30 de septiembre en el marco se har\u00e1 la entrega de premios y reconocimientos.<\/p>\n<p>Cabe mencionar que los detalles de la convocatoria estar\u00e1n disponibles en la p\u00e1gina Web del Ayuntamiento:\u00a0<a href=\"http:\/\/gob.us11.list-manage.com\/track\/click?u=4006ac058ed166735585eb757&amp;id=5250fe5f27&amp;e=fbc79edfe0\" target=\"_blank\" rel=\"noopener noreferrer\">www.morelia.gob.mx<\/a>, as\u00ed como del Colegio de Morelia,\u00a0<a href=\"http:\/\/gob.us11.list-manage2.com\/track\/click?u=4006ac058ed166735585eb757&amp;id=82346464c2&amp;e=fbc79edfe0\" target=\"_blank\" rel=\"noopener noreferrer\">www.colegiodemorelia.gob.mx<\/a>.<\/div>\n<\/td>\n<\/tr>\n<\/tbody>\n<\/table>\n<\/td>\n<\/tr>\n<\/tbody>\n<\/table>\n<table class=\"x_mcnTextBlock\" border=\"0\" width=\"100%\" cellspacing=\"0\" cellpadding=\"0\">\n<tbody class=\"x_mcnTextBlockOuter\">\n<tr>\n<td class=\"x_mcnTextBlockInner\" valign=\"top\"><\/td>\n<\/tr>\n<\/tbody>\n<\/table>\n","protected":false},"excerpt":{"rendered":"<p>El Director del Colegio de Morelia destac\u00f3 que \u00e9sta es una de las acciones para colocar a la Ciudad como el destino cultural predilecto del pa\u00eds. La intenci\u00f3n es vincular a m\u00fasicos y artistas visuales con artistas visuales y esc\u00e9nicos, para impulsar la colaboraci\u00f3n interdisciplinaria, reconocer y premiar al talento local. Como parte de las [&hellip;]<\/p>\n","protected":false},"author":2,"featured_media":40535,"comment_status":"closed","ping_status":"closed","sticky":false,"template":"","format":"standard","meta":{"footnotes":""},"categories":[14,3,60],"tags":[],"class_list":["post-40534","post","type-post","status-publish","format-standard","has-post-thumbnail","hentry","category-destacadas","category-gobierno-del-estado-de-michoacan","category-michoacan"],"_links":{"self":[{"href":"https:\/\/radiowebmx.com\/nota\/wp-json\/wp\/v2\/posts\/40534","targetHints":{"allow":["GET"]}}],"collection":[{"href":"https:\/\/radiowebmx.com\/nota\/wp-json\/wp\/v2\/posts"}],"about":[{"href":"https:\/\/radiowebmx.com\/nota\/wp-json\/wp\/v2\/types\/post"}],"author":[{"embeddable":true,"href":"https:\/\/radiowebmx.com\/nota\/wp-json\/wp\/v2\/users\/2"}],"replies":[{"embeddable":true,"href":"https:\/\/radiowebmx.com\/nota\/wp-json\/wp\/v2\/comments?post=40534"}],"version-history":[{"count":1,"href":"https:\/\/radiowebmx.com\/nota\/wp-json\/wp\/v2\/posts\/40534\/revisions"}],"predecessor-version":[{"id":40538,"href":"https:\/\/radiowebmx.com\/nota\/wp-json\/wp\/v2\/posts\/40534\/revisions\/40538"}],"wp:featuredmedia":[{"embeddable":true,"href":"https:\/\/radiowebmx.com\/nota\/wp-json\/wp\/v2\/media\/40535"}],"wp:attachment":[{"href":"https:\/\/radiowebmx.com\/nota\/wp-json\/wp\/v2\/media?parent=40534"}],"wp:term":[{"taxonomy":"category","embeddable":true,"href":"https:\/\/radiowebmx.com\/nota\/wp-json\/wp\/v2\/categories?post=40534"},{"taxonomy":"post_tag","embeddable":true,"href":"https:\/\/radiowebmx.com\/nota\/wp-json\/wp\/v2\/tags?post=40534"}],"curies":[{"name":"wp","href":"https:\/\/api.w.org\/{rel}","templated":true}]}}