{"id":40529,"date":"2017-07-20T10:49:39","date_gmt":"2017-07-20T15:49:39","guid":{"rendered":"https:\/\/radiowebmx.com\/nota\/?p=40529"},"modified":"2017-07-20T14:24:27","modified_gmt":"2017-07-20T19:24:27","slug":"atiende-proteccion-civil-y-bomberos-de-morelia-danos-por-caida-de-arbol-durante-las-lluvias","status":"publish","type":"post","link":"https:\/\/radiowebmx.com\/nota\/atiende-proteccion-civil-y-bomberos-de-morelia-danos-por-caida-de-arbol-durante-las-lluvias\/","title":{"rendered":"Atiende Protecci\u00f3n Civil y Bomberos de Morelia da\u00f1os por ca\u00edda de \u00e1rbol durante las lluvias"},"content":{"rendered":"<p><a href=\"https:\/\/radiowebmx.com\/nota\/wp-content\/uploads\/2017\/07\/fc9e822f-df6f-48ac-91b9-b09ce5c9f665.jpeg\"><img loading=\"lazy\" decoding=\"async\" class=\"alignnone wp-image-40532\" src=\"https:\/\/radiowebmx.com\/nota\/wp-content\/uploads\/2017\/07\/fc9e822f-df6f-48ac-91b9-b09ce5c9f665-595x446.jpeg\" alt=\"\" width=\"392\" height=\"294\" srcset=\"https:\/\/radiowebmx.com\/nota\/wp-content\/uploads\/2017\/07\/fc9e822f-df6f-48ac-91b9-b09ce5c9f665-595x446.jpeg 595w, https:\/\/radiowebmx.com\/nota\/wp-content\/uploads\/2017\/07\/fc9e822f-df6f-48ac-91b9-b09ce5c9f665.jpeg 709w\" sizes=\"auto, (max-width: 392px) 100vw, 392px\" \/><\/a><\/p>\n<p>La Coordinaci\u00f3n de Protecci\u00f3n Civil y Bomberos de Morelia, report\u00f3 que durante las fuertes lluvias registradas durante la noche de este mi\u00e9rcoles y las primeras horas del jueves, un hombre tuvo que ser rescatado de su autom\u00f3vil, luego de que un \u00e1rbol colapsara sobre el mismo en la avenida Ventura Puente, en su cruce con el Boulevard Garc\u00eda de Le\u00f3n.<\/p>\n<p>El Titular de la dependencia Municipal, Eduardo Ram\u00edrez Canals, detall\u00f3 que aproximadamente a la media noche un \u00e1rbol ubicado en la Avenida Ventura Puente cay\u00f3 al asfalto afectando a un Taxi y a una combi perteneciente a una empresa particular.<\/p>\n<p>En el caso del chofer del Taxi, se trata de un masculino de 29 a\u00f1os de edad que tuvo que ser rescatado del autom\u00f3vil y trasladado al hospital Civil de Morelia, donde se le brind\u00f3 atenci\u00f3n m\u00e9dica y se descartaron lesiones graves en su cuerpo, mientras que el de la combi no result\u00f3 afectado por la ca\u00edda de este \u00e1rbol.<\/p>\n<p>Ram\u00edrez Canals dijo que aproximadamente a las 5:00 horas se traslad\u00f3 al chofer de nueva cuenta al lugar de los hechos en donde recuper\u00f3 del taxi sus cosas personales, para despu\u00e9s trasladarlo a su domicilio.<\/p>\n<p>Respecto al \u00e1rbol ca\u00eddo, el Coordinador de los Bomberos Municipales, aclar\u00f3 que por su tama\u00f1o y volumen, fue retirado s\u00f3lo de manera parcial, trabajo que ser\u00e1 concluido durante las primeras horas de este jueves.<\/p>\n","protected":false},"excerpt":{"rendered":"<p>La Coordinaci\u00f3n de Protecci\u00f3n Civil y Bomberos de Morelia, report\u00f3 que durante las fuertes lluvias registradas durante la noche de este mi\u00e9rcoles y las primeras horas del jueves, un hombre tuvo que ser rescatado de su autom\u00f3vil, luego de que un \u00e1rbol colapsara sobre el mismo en la avenida Ventura Puente, en su cruce con [&hellip;]<\/p>\n","protected":false},"author":2,"featured_media":40530,"comment_status":"closed","ping_status":"closed","sticky":false,"template":"","format":"standard","meta":{"footnotes":""},"categories":[14,60,9],"tags":[],"class_list":["post-40529","post","type-post","status-publish","format-standard","has-post-thumbnail","hentry","category-destacadas","category-michoacan","category-morelia"],"_links":{"self":[{"href":"https:\/\/radiowebmx.com\/nota\/wp-json\/wp\/v2\/posts\/40529","targetHints":{"allow":["GET"]}}],"collection":[{"href":"https:\/\/radiowebmx.com\/nota\/wp-json\/wp\/v2\/posts"}],"about":[{"href":"https:\/\/radiowebmx.com\/nota\/wp-json\/wp\/v2\/types\/post"}],"author":[{"embeddable":true,"href":"https:\/\/radiowebmx.com\/nota\/wp-json\/wp\/v2\/users\/2"}],"replies":[{"embeddable":true,"href":"https:\/\/radiowebmx.com\/nota\/wp-json\/wp\/v2\/comments?post=40529"}],"version-history":[{"count":2,"href":"https:\/\/radiowebmx.com\/nota\/wp-json\/wp\/v2\/posts\/40529\/revisions"}],"predecessor-version":[{"id":40577,"href":"https:\/\/radiowebmx.com\/nota\/wp-json\/wp\/v2\/posts\/40529\/revisions\/40577"}],"wp:featuredmedia":[{"embeddable":true,"href":"https:\/\/radiowebmx.com\/nota\/wp-json\/wp\/v2\/media\/40530"}],"wp:attachment":[{"href":"https:\/\/radiowebmx.com\/nota\/wp-json\/wp\/v2\/media?parent=40529"}],"wp:term":[{"taxonomy":"category","embeddable":true,"href":"https:\/\/radiowebmx.com\/nota\/wp-json\/wp\/v2\/categories?post=40529"},{"taxonomy":"post_tag","embeddable":true,"href":"https:\/\/radiowebmx.com\/nota\/wp-json\/wp\/v2\/tags?post=40529"}],"curies":[{"name":"wp","href":"https:\/\/api.w.org\/{rel}","templated":true}]}}