{"id":40526,"date":"2017-07-19T17:31:53","date_gmt":"2017-07-19T22:31:53","guid":{"rendered":"https:\/\/radiowebmx.com\/nota\/?p=40526"},"modified":"2017-07-20T14:44:00","modified_gmt":"2017-07-20T19:44:00","slug":"egresados-de-enfemeria-general-iniciaran-practicas-en-campos-clinicos","status":"publish","type":"post","link":"https:\/\/radiowebmx.com\/nota\/egresados-de-enfemeria-general-iniciaran-practicas-en-campos-clinicos\/","title":{"rendered":"Egresados de Enfemer\u00eda General iniciar\u00e1n pr\u00e1cticas en campos cl\u00ednicos"},"content":{"rendered":"<p><strong>Morelia, Michoac\u00e1n, a 19 de julio de 2017.-\u00a0<\/strong>A partir del pr\u00f3ximo 1 de agosto, 789 egresados de la carrera de Enfermer\u00eda General del Colegio de Educaci\u00f3n Profesional T\u00e9cnica del Estado de Michoac\u00e1n se incorporar\u00e1n a campos cl\u00ednicos en diversas zonas de la entidad para realizar su servicio social.<\/p>\n<p>El Conalep Michoac\u00e1n es la instituci\u00f3n que m\u00e1s egresados de nivel t\u00e9cnico aporta al programa de servicio social, obligatorio para la obtenci\u00f3n del t\u00edtulo y c\u00e9dula profesional como PT-B en Enfermer\u00eda General.<\/p>\n<p>&nbsp;<\/p>\n<p><a href=\"https:\/\/radiowebmx.com\/nota\/wp-content\/uploads\/2017\/07\/20cf19c0-fc84-4d6e-a602-c5521967174c.jpg\"><img loading=\"lazy\" decoding=\"async\" class=\"alignnone  wp-image-40286\" src=\"https:\/\/radiowebmx.com\/nota\/wp-content\/uploads\/2017\/07\/20cf19c0-fc84-4d6e-a602-c5521967174c-595x648.jpg\" alt=\"\" width=\"400\" height=\"436\" srcset=\"https:\/\/radiowebmx.com\/nota\/wp-content\/uploads\/2017\/07\/20cf19c0-fc84-4d6e-a602-c5521967174c-595x648.jpg 595w, https:\/\/radiowebmx.com\/nota\/wp-content\/uploads\/2017\/07\/20cf19c0-fc84-4d6e-a602-c5521967174c.jpg 709w\" sizes=\"auto, (max-width: 400px) 100vw, 400px\" \/><\/a><\/p>\n<p>&nbsp;<\/p>\n<p>La directora general del subsistema, Minerva Bautista G\u00f3mez, se\u00f1al\u00f3 que con la incorporaci\u00f3n de los j\u00f3venes a su servicio social inicia la etapa para reafirmar sus conocimientos y retribuir a la sociedad lo recibido durante su formaci\u00f3n acad\u00e9mica.<\/p>\n<p>\u201cEn trabajo conjunto con diversas instituciones, principalmente la Secretar\u00eda de Salud de Michoac\u00e1n, se logr\u00f3 cubrir al 100 por ciento las necesidades de espacios para que los egresados realicen su servicio social. Esto es una muestra de que en Michoac\u00e1n estamos haciendo las cosas bien\u201d, expuso la funcionaria estatal.<\/p>\n<p>Detall\u00f3 que la distribuci\u00f3n de espacios fue de 66 egresados a unidades del Instituto Mexicano del Seguro Social, 49 al Instituto de Seguridad y Servicios Sociales de los Trabajadores del Estado, 207 a programas de vinculaci\u00f3n en las diferentes jurisdicciones sanitarias, 452 a hospitales generales y centros de salud dependientes de la Secretaria de Salud de Michoac\u00e1n y, por primera ocasi\u00f3n, 15 al Hospital Naval de L\u00e1zaro C\u00e1rdenas.<\/p>\n","protected":false},"excerpt":{"rendered":"<p>Morelia, Michoac\u00e1n, a 19 de julio de 2017.-\u00a0A partir del pr\u00f3ximo 1 de agosto, 789 egresados de la carrera de Enfermer\u00eda General del Colegio de Educaci\u00f3n Profesional T\u00e9cnica del Estado de Michoac\u00e1n se incorporar\u00e1n a campos cl\u00ednicos en diversas zonas de la entidad para realizar su servicio social. El Conalep Michoac\u00e1n es la instituci\u00f3n que [&hellip;]<\/p>\n","protected":false},"author":2,"featured_media":40527,"comment_status":"closed","ping_status":"closed","sticky":false,"template":"","format":"standard","meta":{"footnotes":""},"categories":[14,3,60],"tags":[],"class_list":["post-40526","post","type-post","status-publish","format-standard","has-post-thumbnail","hentry","category-destacadas","category-gobierno-del-estado-de-michoacan","category-michoacan"],"_links":{"self":[{"href":"https:\/\/radiowebmx.com\/nota\/wp-json\/wp\/v2\/posts\/40526","targetHints":{"allow":["GET"]}}],"collection":[{"href":"https:\/\/radiowebmx.com\/nota\/wp-json\/wp\/v2\/posts"}],"about":[{"href":"https:\/\/radiowebmx.com\/nota\/wp-json\/wp\/v2\/types\/post"}],"author":[{"embeddable":true,"href":"https:\/\/radiowebmx.com\/nota\/wp-json\/wp\/v2\/users\/2"}],"replies":[{"embeddable":true,"href":"https:\/\/radiowebmx.com\/nota\/wp-json\/wp\/v2\/comments?post=40526"}],"version-history":[{"count":3,"href":"https:\/\/radiowebmx.com\/nota\/wp-json\/wp\/v2\/posts\/40526\/revisions"}],"predecessor-version":[{"id":40584,"href":"https:\/\/radiowebmx.com\/nota\/wp-json\/wp\/v2\/posts\/40526\/revisions\/40584"}],"wp:featuredmedia":[{"embeddable":true,"href":"https:\/\/radiowebmx.com\/nota\/wp-json\/wp\/v2\/media\/40527"}],"wp:attachment":[{"href":"https:\/\/radiowebmx.com\/nota\/wp-json\/wp\/v2\/media?parent=40526"}],"wp:term":[{"taxonomy":"category","embeddable":true,"href":"https:\/\/radiowebmx.com\/nota\/wp-json\/wp\/v2\/categories?post=40526"},{"taxonomy":"post_tag","embeddable":true,"href":"https:\/\/radiowebmx.com\/nota\/wp-json\/wp\/v2\/tags?post=40526"}],"curies":[{"name":"wp","href":"https:\/\/api.w.org\/{rel}","templated":true}]}}