{"id":40469,"date":"2017-07-19T12:54:31","date_gmt":"2017-07-19T17:54:31","guid":{"rendered":"https:\/\/radiowebmx.com\/nota\/?p=40469"},"modified":"2017-07-19T13:28:50","modified_gmt":"2017-07-19T18:28:50","slug":"reconocen-comerciantes-de-la-plaza-san-juan-apoyo-total-del-gobierno-municipal","status":"publish","type":"post","link":"https:\/\/radiowebmx.com\/nota\/reconocen-comerciantes-de-la-plaza-san-juan-apoyo-total-del-gobierno-municipal\/","title":{"rendered":"Reconocen comerciantes de la Plaza San Juan apoyo total del Gobierno Municipal"},"content":{"rendered":"<ul>\n<li><strong>En el marco del anuncio del 2o Festival de la Quesadilla y la Barbacoa, los comerciantes dijeron sentirse arropados por el Ayuntamiento.<\/strong><\/li>\n<li><strong>Este domingo 22 la plaza San Juan se llenar\u00e1 de delicias gastron\u00f3micas para los morelianos.<\/strong><\/li>\n<\/ul>\n<p>&nbsp;<\/p>\n<p><a href=\"https:\/\/radiowebmx.com\/nota\/wp-content\/uploads\/2017\/07\/3ba55e29-ceb4-4280-9231-80cd64064e2e.jpeg\"><img loading=\"lazy\" decoding=\"async\" class=\"alignnone  wp-image-40476\" src=\"https:\/\/radiowebmx.com\/nota\/wp-content\/uploads\/2017\/07\/3ba55e29-ceb4-4280-9231-80cd64064e2e-595x396.jpeg\" alt=\"\" width=\"400\" height=\"266\" srcset=\"https:\/\/radiowebmx.com\/nota\/wp-content\/uploads\/2017\/07\/3ba55e29-ceb4-4280-9231-80cd64064e2e-595x396.jpeg 595w, https:\/\/radiowebmx.com\/nota\/wp-content\/uploads\/2017\/07\/3ba55e29-ceb4-4280-9231-80cd64064e2e-272x182.jpeg 272w, https:\/\/radiowebmx.com\/nota\/wp-content\/uploads\/2017\/07\/3ba55e29-ceb4-4280-9231-80cd64064e2e.jpeg 709w\" sizes=\"auto, (max-width: 400px) 100vw, 400px\" \/><\/a><\/p>\n<p>&nbsp;<\/p>\n<div>\u201cNo estamos olvidados, yo le doy las gracias al Presidente, Alfonso Mart\u00ednez Alc\u00e1zar, por este apoyo que nos da a los comerciantes\u201d, con estas palabras, Silvia Ortiz Mart\u00ednez, Secretaria General de la Uni\u00f3n Carrillo Puerto de la Plaza San Juan, reconoci\u00f3 el apoyo que ha proporcionado el Gobierno Municipal, a uno de los mercados m\u00e1s emblem\u00e1ticos de la capital michoacana.<\/p>\n<p>En rueda de prensa encabezada por el Secretario de Servicios P\u00fablicos Municipales, Jos\u00e9 Luis Gil V\u00e1zquez, y luego de anunciar el 2o Festival de la Quesadilla y la Barbacoa en la Plaza San Juan, mismo que tendr\u00e1 lugar este domingo 22, Silvia Ortiz dijo que resulta de suma importancia que el Gobierno Municipal impulse eventos enfocados a la promoci\u00f3n y desarrollo econ\u00f3mico de las diversas plazas y mercados de la ciudad.<\/p>\n<p>\u201cTenemos el apoyo del Presidente, Alfonso Mart\u00ednez y del Secretario, Jos\u00e9 Luis Gil, al cual le doy gracias por levantarnos y darnos la mano, estando al pendiente de nosotros los comerciantes reubicados\u201d, subray\u00f3.<\/p>\n<p>Invit\u00f3 a la poblaci\u00f3n a asistir este domingo 22 de julio a partir de las 10:00 horas para degustar la amplia variedad de quesadillas y barbacoa que se ofrecer\u00e1 para el deleite de los morelianos en la Plaza San Juan.<\/p>\n<p>Por su parte, el Secretario de Servicios P\u00fablicos Municipales, Jos\u00e9 Luis Gil V\u00e1zquez, dijo que para la Administraci\u00f3n resulta preponderante gestar estrategias de apoyo a los comerciantes que fueron reubicados en el a\u00f1o 2001, en respuesta a su disposici\u00f3n de colaborar siempre de la mano con el Gobierno Municipal.<\/p>\n<p>Subray\u00f3 que en el lugar se puede encontrar ropa, joyer\u00eda, bisuter\u00eda y m\u00e1s, no obstante con este festival se busca reforzar la promoci\u00f3n de las ya tradicionales quesadillas de casi 50 cent\u00edmetros de tama\u00f1o y la deliciosa barbacoa.<\/p>\n<p>Concluy\u00f3 su mensaje refrendando la ocupaci\u00f3n que tiene el Presidente Municipal, Alfonso Mart\u00ednez Alc\u00e1zar, por establecer una remodelaci\u00f3n de las diversas plazas y mercados, situaci\u00f3n que ya se est\u00e1 gestando en conjunto con el Gobierno del Estado.<\/p>\n<p>En tanto, el Director de Mercados, Rodolfo Bucio Ruiz, dijo que entre los objetivos de este 2o Festival est\u00e1n superar la derrama econ\u00f3mica de 180 mil pesos que dej\u00f3 el mismo en el 2016 y superar la asistencia de 6 mil personas en aquella edici\u00f3n, todo a trav\u00e9s del trabajo en conjunto con m\u00e1s de 18 locatarios del lugar.<\/p>\n<p>Es importante destacar que en el mes de junio y como una muestra m\u00e1s del apoyo brindado por la Administraci\u00f3n, la Gerencia del Patrimonio Cultural de Morelia llev\u00f3 a cabo en la misma plaza, una jornada del programa Rescate de Barrios, con el cual se llevaron a cabo actividades musicales, recorridos nocturnos y se acercaron servicios como poda de \u00e1rboles, limpia de basura y pinta de fachadas.<\/p><\/div>\n","protected":false},"excerpt":{"rendered":"<p>En el marco del anuncio del 2o Festival de la Quesadilla y la Barbacoa, los comerciantes dijeron sentirse arropados por el Ayuntamiento. Este domingo 22 la plaza San Juan se llenar\u00e1 de delicias gastron\u00f3micas para los morelianos. &nbsp; &nbsp; \u201cNo estamos olvidados, yo le doy las gracias al Presidente, Alfonso Mart\u00ednez Alc\u00e1zar, por este apoyo [&hellip;]<\/p>\n","protected":false},"author":2,"featured_media":40474,"comment_status":"closed","ping_status":"closed","sticky":false,"template":"","format":"standard","meta":{"footnotes":""},"categories":[14,60,9],"tags":[],"class_list":["post-40469","post","type-post","status-publish","format-standard","has-post-thumbnail","hentry","category-destacadas","category-michoacan","category-morelia"],"_links":{"self":[{"href":"https:\/\/radiowebmx.com\/nota\/wp-json\/wp\/v2\/posts\/40469","targetHints":{"allow":["GET"]}}],"collection":[{"href":"https:\/\/radiowebmx.com\/nota\/wp-json\/wp\/v2\/posts"}],"about":[{"href":"https:\/\/radiowebmx.com\/nota\/wp-json\/wp\/v2\/types\/post"}],"author":[{"embeddable":true,"href":"https:\/\/radiowebmx.com\/nota\/wp-json\/wp\/v2\/users\/2"}],"replies":[{"embeddable":true,"href":"https:\/\/radiowebmx.com\/nota\/wp-json\/wp\/v2\/comments?post=40469"}],"version-history":[{"count":1,"href":"https:\/\/radiowebmx.com\/nota\/wp-json\/wp\/v2\/posts\/40469\/revisions"}],"predecessor-version":[{"id":40477,"href":"https:\/\/radiowebmx.com\/nota\/wp-json\/wp\/v2\/posts\/40469\/revisions\/40477"}],"wp:featuredmedia":[{"embeddable":true,"href":"https:\/\/radiowebmx.com\/nota\/wp-json\/wp\/v2\/media\/40474"}],"wp:attachment":[{"href":"https:\/\/radiowebmx.com\/nota\/wp-json\/wp\/v2\/media?parent=40469"}],"wp:term":[{"taxonomy":"category","embeddable":true,"href":"https:\/\/radiowebmx.com\/nota\/wp-json\/wp\/v2\/categories?post=40469"},{"taxonomy":"post_tag","embeddable":true,"href":"https:\/\/radiowebmx.com\/nota\/wp-json\/wp\/v2\/tags?post=40469"}],"curies":[{"name":"wp","href":"https:\/\/api.w.org\/{rel}","templated":true}]}}