{"id":40420,"date":"2017-07-19T11:31:32","date_gmt":"2017-07-19T16:31:32","guid":{"rendered":"https:\/\/radiowebmx.com\/nota\/?p=40420"},"modified":"2017-07-19T11:37:13","modified_gmt":"2017-07-19T16:37:13","slug":"verano-en-morelia-sonara-al-ritmo-del-jazz","status":"publish","type":"post","link":"https:\/\/radiowebmx.com\/nota\/verano-en-morelia-sonara-al-ritmo-del-jazz\/","title":{"rendered":"Verano en Morelia sonar\u00e1 al ritmo del jazz"},"content":{"rendered":"<p>En el marco del periodo vacacional de Verano 2017 en Morelia, la Secretar\u00eda de Turismo Municipal tiene preparado ya un espect\u00e1culo musical con la presentaci\u00f3n estelar del maestro Juan Alzate, previo al Encendido de Catedral este s\u00e1bado 22 de julio.<\/p>\n<p>Esta presentaci\u00f3n se da en aras de fortalecer y prolongar la estancia y el flujo de turistas y visitantes dentro del Primer Cuadro de la ciudad, de manera que el municipio sea reconocido por sus riquezas culturales y arquitect\u00f3nicas fusionando estos dos elementos con la m\u00fasica y la majestuosa Catedral.<\/p>\n<p>Cabe destacar que la Secretar\u00eda de Turismo de Morelia ha trabajado en mejorar y renovar todos los programas y espect\u00e1culos que realiza, por lo que desde que inici\u00f3 el periodo vacacional\u00a0previo al Encendido de Catedral se han realizado varios flash mob con artistas y cantantes provocando una nueva experiencia para disfrutar del espect\u00e1culo de luz y sonido<\/p>\n<p>En este sentido, la presentaci\u00f3n art\u00edstica del maestro Juan Alzate en espacios p\u00fablicos con eventos gratuitos, fortalecer\u00e1 la intenci\u00f3n de que Morelia sea sede para celebrar el D\u00eda Internacional del Jazz en 2018, fecha reconocida por la UNESCO.<\/p>\n<p>Cabe recordar que todas las actividades que tiene el Ayuntamiento de Morelia pueden ser consultadas en el sitio web\u00a0<a href=\"http:\/\/gob.us11.list-manage.com\/track\/click?u=4006ac058ed166735585eb757&amp;id=534451e480&amp;e=fbc79edfe0\" target=\"_blank\" rel=\"noopener noreferrer\">www.experienciamorelia.mx<\/a>\u00a0y en la aplicaci\u00f3n para celular: Turismo Morelia MX.<\/p>\n","protected":false},"excerpt":{"rendered":"<p>En el marco del periodo vacacional de Verano 2017 en Morelia, la Secretar\u00eda de Turismo Municipal tiene preparado ya un espect\u00e1culo musical con la presentaci\u00f3n estelar del maestro Juan Alzate, previo al Encendido de Catedral este s\u00e1bado 22 de julio. Esta presentaci\u00f3n se da en aras de fortalecer y prolongar la estancia y el flujo [&hellip;]<\/p>\n","protected":false},"author":2,"featured_media":40421,"comment_status":"closed","ping_status":"closed","sticky":false,"template":"","format":"standard","meta":{"footnotes":""},"categories":[14,60,9],"tags":[],"class_list":["post-40420","post","type-post","status-publish","format-standard","has-post-thumbnail","hentry","category-destacadas","category-michoacan","category-morelia"],"_links":{"self":[{"href":"https:\/\/radiowebmx.com\/nota\/wp-json\/wp\/v2\/posts\/40420","targetHints":{"allow":["GET"]}}],"collection":[{"href":"https:\/\/radiowebmx.com\/nota\/wp-json\/wp\/v2\/posts"}],"about":[{"href":"https:\/\/radiowebmx.com\/nota\/wp-json\/wp\/v2\/types\/post"}],"author":[{"embeddable":true,"href":"https:\/\/radiowebmx.com\/nota\/wp-json\/wp\/v2\/users\/2"}],"replies":[{"embeddable":true,"href":"https:\/\/radiowebmx.com\/nota\/wp-json\/wp\/v2\/comments?post=40420"}],"version-history":[{"count":1,"href":"https:\/\/radiowebmx.com\/nota\/wp-json\/wp\/v2\/posts\/40420\/revisions"}],"predecessor-version":[{"id":40422,"href":"https:\/\/radiowebmx.com\/nota\/wp-json\/wp\/v2\/posts\/40420\/revisions\/40422"}],"wp:featuredmedia":[{"embeddable":true,"href":"https:\/\/radiowebmx.com\/nota\/wp-json\/wp\/v2\/media\/40421"}],"wp:attachment":[{"href":"https:\/\/radiowebmx.com\/nota\/wp-json\/wp\/v2\/media?parent=40420"}],"wp:term":[{"taxonomy":"category","embeddable":true,"href":"https:\/\/radiowebmx.com\/nota\/wp-json\/wp\/v2\/categories?post=40420"},{"taxonomy":"post_tag","embeddable":true,"href":"https:\/\/radiowebmx.com\/nota\/wp-json\/wp\/v2\/tags?post=40420"}],"curies":[{"name":"wp","href":"https:\/\/api.w.org\/{rel}","templated":true}]}}