{"id":40364,"date":"2017-07-18T12:42:27","date_gmt":"2017-07-18T17:42:27","guid":{"rendered":"https:\/\/radiowebmx.com\/nota\/?p=40364"},"modified":"2017-07-18T13:04:12","modified_gmt":"2017-07-18T18:04:12","slug":"seguridad-y-procuracion-de-justicia-facultad-exclusiva-del-estado-refrenda-gobernador","status":"publish","type":"post","link":"https:\/\/radiowebmx.com\/nota\/seguridad-y-procuracion-de-justicia-facultad-exclusiva-del-estado-refrenda-gobernador\/","title":{"rendered":"Seguridad y procuraci\u00f3n de justicia, facultad exclusiva del Estado, refrenda Gobernador"},"content":{"rendered":"<ul>\n<li><strong>No se permitir\u00e1 la presencia de civiles armados realizando labores de seguridad, reitera Silvano Aureoles Conejo al encabezar la reuni\u00f3n semanal del Grupo de Coordinaci\u00f3n Michoac\u00e1n.<\/strong><\/li>\n<\/ul>\n<p><a href=\"https:\/\/radiowebmx.com\/nota\/wp-content\/uploads\/2017\/07\/4b2d6262-8414-4fcb-9d4d-8f7b72f06ee2.jpeg\"><img loading=\"lazy\" decoding=\"async\" class=\"alignnone  wp-image-40366\" src=\"https:\/\/radiowebmx.com\/nota\/wp-content\/uploads\/2017\/07\/4b2d6262-8414-4fcb-9d4d-8f7b72f06ee2-595x467.jpeg\" alt=\"\" width=\"400\" height=\"314\" srcset=\"https:\/\/radiowebmx.com\/nota\/wp-content\/uploads\/2017\/07\/4b2d6262-8414-4fcb-9d4d-8f7b72f06ee2-595x467.jpeg 595w, https:\/\/radiowebmx.com\/nota\/wp-content\/uploads\/2017\/07\/4b2d6262-8414-4fcb-9d4d-8f7b72f06ee2.jpeg 709w\" sizes=\"auto, (max-width: 400px) 100vw, 400px\" \/><\/a><\/p>\n<p><strong>Morelia, Michoac\u00e1n, a 18 de julio de 2017.-<\/strong>\u00a0El Gobernador Constitucional Silvano Aureoles Conejo encabez\u00f3 esta ma\u00f1ana la reuni\u00f3n semanal del Grupo de Coordinaci\u00f3n Michoac\u00e1n (GCM), donde qued\u00f3 de manifiesto una vez m\u00e1s que no se permitir\u00e1 la presencia de civiles armados realizando labores de seguridad en el territorio estatal.<\/p>\n<p>El jefe del Ejecutivo estatal sostuvo que garantizar la seguridad y procurar la justicia es facultad exclusiva del Estado Mexicano y de sus instituciones, por lo que la investigaci\u00f3n de c\u00e9lulas delictivas que generan violencia y alteran el orden seguir\u00e1 en curso y \u00e9stas ser\u00e1n combatidas con todo el peso de la ley.<\/p>\n<p>En la reuni\u00f3n de trabajo, Silvano Aureoles record\u00f3 que en Michoac\u00e1n los llamados grupos de autodefensa, al ser infiltrados por criminales, tambi\u00e9n se convirtieron en factor de delincuencia y violaciones a los derechos humanos.<\/p>\n<p>&#8220;El Estado y la sociedad misma no podemos permitir repetir esa historia que, claro est\u00e1, no represent\u00f3 una soluci\u00f3n duradera y efectiva a los problemas de delincuencia y violencia&#8221;, indic\u00f3 Silvano Aureoles.<\/p>\n<p>Tras lo anterior, las y los funcionarios estatales y federales que integran el GCM nuevamente hicieron un llamado a la sociedad en general a no acudir a las armas ni hacer justicia por su propia mano, pues debe actuarse conforme a la ley.<\/p>\n<p>Destacaron que en la actual administraci\u00f3n estatal ha quedado claro que la coordinaci\u00f3n entre los tres \u00f3rdenes de gobierno es la v\u00eda para fortalecer las instituciones y avanzar en el combate a los delitos que lastiman a la ciudadan\u00eda e impiden el desarrollo de Michoac\u00e1n.<\/p>\n<p>Durante esta mesa de trabajo se revisaron las acciones estrat\u00e9gicas para combatir de manera frontal a la delincuencia en todas las regiones de la entidad.<\/p>\n<p>Participaron en esta reuni\u00f3n el comandante de la XII Regi\u00f3n Militar, general Miguel \u00c1ngel Pati\u00f1o Canchola; el secretario de Seguridad P\u00fablica, Juan Bernardo Corona Mart\u00ednez; el procurador general de Justicia del estado, Jos\u00e9 Mart\u00edn Godoy Castro, y la delegada de la PGR, Bertha Paredes Gardu\u00f1o.<\/p>\n<p>As\u00ed como los comandantes de la 43 y 21 Zonas Militares, generales Cruz Isaac Mu\u00f1oz Navarro y Jos\u00e9 Francisco Morales C\u00e1zares, respectivamente; el comandante de la 10 Zona Naval, vicealmirante Francisco P\u00e9rez Rico; el delegado del CISEN, Fernando Castro Miranda; el coordinador estatal de la Polic\u00eda Federal, Israel Galv\u00e1n Jaime; el subsecretario de Seguridad P\u00fablica, Carlos G\u00f3mez Arrieta, entre otros funcionarios estatales y federales.<\/p>\n","protected":false},"excerpt":{"rendered":"<p>No se permitir\u00e1 la presencia de civiles armados realizando labores de seguridad, reitera Silvano Aureoles Conejo al encabezar la reuni\u00f3n semanal del Grupo de Coordinaci\u00f3n Michoac\u00e1n. Morelia, Michoac\u00e1n, a 18 de julio de 2017.-\u00a0El Gobernador Constitucional Silvano Aureoles Conejo encabez\u00f3 esta ma\u00f1ana la reuni\u00f3n semanal del Grupo de Coordinaci\u00f3n Michoac\u00e1n (GCM), donde qued\u00f3 de manifiesto [&hellip;]<\/p>\n","protected":false},"author":2,"featured_media":40365,"comment_status":"closed","ping_status":"closed","sticky":false,"template":"","format":"standard","meta":{"footnotes":""},"categories":[14,3,60],"tags":[],"class_list":["post-40364","post","type-post","status-publish","format-standard","has-post-thumbnail","hentry","category-destacadas","category-gobierno-del-estado-de-michoacan","category-michoacan"],"_links":{"self":[{"href":"https:\/\/radiowebmx.com\/nota\/wp-json\/wp\/v2\/posts\/40364","targetHints":{"allow":["GET"]}}],"collection":[{"href":"https:\/\/radiowebmx.com\/nota\/wp-json\/wp\/v2\/posts"}],"about":[{"href":"https:\/\/radiowebmx.com\/nota\/wp-json\/wp\/v2\/types\/post"}],"author":[{"embeddable":true,"href":"https:\/\/radiowebmx.com\/nota\/wp-json\/wp\/v2\/users\/2"}],"replies":[{"embeddable":true,"href":"https:\/\/radiowebmx.com\/nota\/wp-json\/wp\/v2\/comments?post=40364"}],"version-history":[{"count":1,"href":"https:\/\/radiowebmx.com\/nota\/wp-json\/wp\/v2\/posts\/40364\/revisions"}],"predecessor-version":[{"id":40367,"href":"https:\/\/radiowebmx.com\/nota\/wp-json\/wp\/v2\/posts\/40364\/revisions\/40367"}],"wp:featuredmedia":[{"embeddable":true,"href":"https:\/\/radiowebmx.com\/nota\/wp-json\/wp\/v2\/media\/40365"}],"wp:attachment":[{"href":"https:\/\/radiowebmx.com\/nota\/wp-json\/wp\/v2\/media?parent=40364"}],"wp:term":[{"taxonomy":"category","embeddable":true,"href":"https:\/\/radiowebmx.com\/nota\/wp-json\/wp\/v2\/categories?post=40364"},{"taxonomy":"post_tag","embeddable":true,"href":"https:\/\/radiowebmx.com\/nota\/wp-json\/wp\/v2\/tags?post=40364"}],"curies":[{"name":"wp","href":"https:\/\/api.w.org\/{rel}","templated":true}]}}