{"id":40332,"date":"2017-07-17T19:23:38","date_gmt":"2017-07-18T00:23:38","guid":{"rendered":"https:\/\/radiowebmx.com\/nota\/?p=40332"},"modified":"2017-07-18T10:53:47","modified_gmt":"2017-07-18T15:53:47","slug":"los-servicios-educativos-de-la-univim-llegaran-a-panindicuaro","status":"publish","type":"post","link":"https:\/\/radiowebmx.com\/nota\/los-servicios-educativos-de-la-univim-llegaran-a-panindicuaro\/","title":{"rendered":"Los servicios educativos de la Univim llegar\u00e1n a Panind\u00edcuaro"},"content":{"rendered":"<ul>\n<li><strong>La rectora Silvia Mendoza y el alcalde Fernando Calder\u00f3n signan el convenio de colaboraci\u00f3n para instalar la UVEU en ese municipio.<\/strong><\/li>\n<\/ul>\n<p>&nbsp;<\/p>\n<p><a href=\"https:\/\/radiowebmx.com\/nota\/wp-content\/uploads\/2017\/07\/90a5eac5-5aaa-48a2-938b-131e65d29251.jpg\"><img loading=\"lazy\" decoding=\"async\" class=\"alignnone  wp-image-40334\" src=\"https:\/\/radiowebmx.com\/nota\/wp-content\/uploads\/2017\/07\/90a5eac5-5aaa-48a2-938b-131e65d29251-595x455.jpg\" alt=\"\" width=\"401\" height=\"307\" srcset=\"https:\/\/radiowebmx.com\/nota\/wp-content\/uploads\/2017\/07\/90a5eac5-5aaa-48a2-938b-131e65d29251-595x455.jpg 595w, https:\/\/radiowebmx.com\/nota\/wp-content\/uploads\/2017\/07\/90a5eac5-5aaa-48a2-938b-131e65d29251.jpg 709w\" sizes=\"auto, (max-width: 401px) 100vw, 401px\" \/><\/a><\/p>\n<p><strong>Morelia,\u00a0Michoac\u00e1n, a 17 de julio de 2017.-\u00a0<\/strong>En seguimiento al compromiso del Gobernador Silvano Aureoles Conejo de acercar la educaci\u00f3n superior a todos los municipios de la entidad, la rectora de la Universidad Virtual del Estado de Michoac\u00e1n (Univim), Silvia Mendoza Valenzuela, y el alcalde de Panind\u00edcuaro, Fernando Calder\u00f3n \u00c1vila, firmron el convenio de colaboraci\u00f3n interinstitucional para instalar la Unidad Virtual de Extensi\u00f3n Universitaria (UVEU) en esa demarcaci\u00f3n.<\/p>\n<p>En este marco, la rectora destac\u00f3 que el 80% de los alcaldes michoacanos se han comprometido a instalar una o m\u00e1s UVEU, con lo que la poblaci\u00f3n podr\u00e1 acceder a los servicios educativos de la Univim, que es completamente gratuita, ya que el uso de las computadoras y de Internet no tiene costo para los estudiantes.<\/p>\n<p>De igual manera, inform\u00f3 que est\u00e1n abiertas las inscripciones para quienes deseen estudiar alguna licenciatura o maestr\u00eda en l\u00ednea en la Univim, cuya modalidad en l\u00ednea les permite realizar otras actividades, como trabajar.<\/p>\n<p>Detall\u00f3 que el pr\u00f3ximo inicio de cursos ser\u00e1 el 4 de septiembre y que el periodo de inscripci\u00f3n concluye el el 11 de agosto, lo que permitir\u00e1 a los habitantes de Panind\u00edcuaro formar parte de la pr\u00f3xima generaci\u00f3n de estudiantes de la Univim.<\/p>\n<p>Por su parte, el presidente municipal inform\u00f3 que ya tiene disponibles dos lugares f\u00edsicos en donde se instalar\u00e1 la UVEU, donde se recibir\u00e1 a las y los interesados en inscribirse.<\/p>\n<p>Adem\u00e1s, anunci\u00f3 una campa\u00f1a de promoci\u00f3n a trav\u00e9s de perifoneo en las diferentes localidades de Panind\u00edcuaro, con la finalidad de que sus habitantes conozcan que ya se encuentra instalada la Univim ofreciendo educaci\u00f3n de calidad, gratuita y con validez oficial.<\/p>\n<p>A la firma del convenio tambi\u00e9n asistieron el s\u00edndico de Panind\u00edcuaro, Alfredo Morales Tapia; los directivos de la Univim Apolinar Serv\u00edn Arregu\u00edn, Ana Mar\u00eda Mart\u00ednez Cabello y Sergio Sydney Moreno Vargas, as\u00ed como trabajadores de dicha casa de estudios e integrantes del cuerpo de dise\u00f1adores instruccionales de licenciaturas.<\/p>\n","protected":false},"excerpt":{"rendered":"<p>La rectora Silvia Mendoza y el alcalde Fernando Calder\u00f3n signan el convenio de colaboraci\u00f3n para instalar la UVEU en ese municipio. &nbsp; Morelia,\u00a0Michoac\u00e1n, a 17 de julio de 2017.-\u00a0En seguimiento al compromiso del Gobernador Silvano Aureoles Conejo de acercar la educaci\u00f3n superior a todos los municipios de la entidad, la rectora de la Universidad Virtual [&hellip;]<\/p>\n","protected":false},"author":2,"featured_media":40333,"comment_status":"closed","ping_status":"closed","sticky":false,"template":"","format":"standard","meta":{"footnotes":""},"categories":[14,3,60],"tags":[],"class_list":["post-40332","post","type-post","status-publish","format-standard","has-post-thumbnail","hentry","category-destacadas","category-gobierno-del-estado-de-michoacan","category-michoacan"],"_links":{"self":[{"href":"https:\/\/radiowebmx.com\/nota\/wp-json\/wp\/v2\/posts\/40332","targetHints":{"allow":["GET"]}}],"collection":[{"href":"https:\/\/radiowebmx.com\/nota\/wp-json\/wp\/v2\/posts"}],"about":[{"href":"https:\/\/radiowebmx.com\/nota\/wp-json\/wp\/v2\/types\/post"}],"author":[{"embeddable":true,"href":"https:\/\/radiowebmx.com\/nota\/wp-json\/wp\/v2\/users\/2"}],"replies":[{"embeddable":true,"href":"https:\/\/radiowebmx.com\/nota\/wp-json\/wp\/v2\/comments?post=40332"}],"version-history":[{"count":1,"href":"https:\/\/radiowebmx.com\/nota\/wp-json\/wp\/v2\/posts\/40332\/revisions"}],"predecessor-version":[{"id":40335,"href":"https:\/\/radiowebmx.com\/nota\/wp-json\/wp\/v2\/posts\/40332\/revisions\/40335"}],"wp:featuredmedia":[{"embeddable":true,"href":"https:\/\/radiowebmx.com\/nota\/wp-json\/wp\/v2\/media\/40333"}],"wp:attachment":[{"href":"https:\/\/radiowebmx.com\/nota\/wp-json\/wp\/v2\/media?parent=40332"}],"wp:term":[{"taxonomy":"category","embeddable":true,"href":"https:\/\/radiowebmx.com\/nota\/wp-json\/wp\/v2\/categories?post=40332"},{"taxonomy":"post_tag","embeddable":true,"href":"https:\/\/radiowebmx.com\/nota\/wp-json\/wp\/v2\/tags?post=40332"}],"curies":[{"name":"wp","href":"https:\/\/api.w.org\/{rel}","templated":true}]}}