{"id":40263,"date":"2017-07-16T20:34:30","date_gmt":"2017-07-17T01:34:30","guid":{"rendered":"https:\/\/radiowebmx.com\/nota\/?p=40263"},"modified":"2017-07-17T13:32:03","modified_gmt":"2017-07-17T18:32:03","slug":"arranca-curso-de-verano-activate-ya-que-realiza-la-diputada-yarabi-avila","status":"publish","type":"post","link":"https:\/\/radiowebmx.com\/nota\/arranca-curso-de-verano-activate-ya-que-realiza-la-diputada-yarabi-avila\/","title":{"rendered":"Arranca curso de verano &#8220;Act\u00edvate YA&#8221;, que realiza la diputada Yarab\u00ed \u00c1vila"},"content":{"rendered":"<ul>\n<li class=\"x_gmail-xxmsonormal\"><strong><span lang=\"ES-TRAD\">\u00a0<\/span><span lang=\"ES-TRAD\">La diputada tricolor los cursos que est\u00e1n dirigidos a ni\u00f1os y ni\u00f1as del\u00a0 Distrito 10 de Morelia, se suman a otras acciones que desde el Congreso y en su casa de enlace realiza a favor de este sector social<\/span><\/strong><\/li>\n<\/ul>\n<p class=\"x_gmail-xxmsonormal\"><b>Morelia, Michoac\u00e1n, 16 de Julio de 2017.-\u00a0<\/b><span lang=\"ES-TRAD\">Este lunes arrancan en el Distrito 10 de Morelia Noroeste, los cursos dirigidos a ni\u00f1os y ni\u00f1as de esta zona, &#8220;Act\u00edvate YA&#8221;, los mismos tienen como prop\u00f3sito acercar a los ni\u00f1os y ni\u00f1as morelianos del Distrito 10 a espacios de sano esparcimiento y de conocimientos. Esta acci\u00f3n se suma, a las propuestas realizadas en materia de educaci\u00f3n y\u00a0 el combate a la obesidad en el Pleno del Congreso del Estado por la diputada del PRI, Yarab\u00ed \u00c1vila Gonz\u00e1lez.<\/span><\/p>\n<p class=\"x_gmail-xxmsonormal\"><span lang=\"ES-TRAD\">La diputada del PRI, destac\u00f3 que en la agenda legislativa es una prioridad los ni\u00f1os y ni\u00f1as michoacanos, por ello expuso se han efectuado una serie de acciones que van desde cursos, talleres, as\u00ed como reformas en materia educativa, salud y de combate a las adicciones entre este sector vulnerable.<\/span><\/p>\n<p class=\"x_gmail-xxmsonormal\"><span lang=\"ES-TRAD\">La diputada record\u00f3 que los cursos que se imparten en el Distrito que representa, se encuentran f\u00fatbol, basquetbol, baile moderno, activaci\u00f3n f\u00edsica, ciencia, manualidades, ajedrez, platicando con plantas y animales, mismos que se realizar\u00e1n en las colonias Leandro Valle, Eduardo Ruiz, Torren Nuevo, Realito, San Isidro Itzicuaro, Cd. Jard\u00edn, Cuto de la Esperanza, Teremendo de los Reyes y Chiquimitio.\u00a0<\/span><\/p>\n<p class=\"x_gmail-xxmsonormal\"><span lang=\"ES-TRAD\">A esta tarea refiri\u00f3 \u00c1vila Gonz\u00e1lez se han sumado otras propuestas, tan solo en el pasada sesi\u00f3n ordinaria se propuso reformar los art\u00edculos 4, 5 y 19 fracci\u00f3n X de la Ley de Educaci\u00f3n para el Estado de Michoac\u00e1n , con el fin de que la educaci\u00f3n se vea fortalecida tambi\u00e9n en la valoraci\u00f3n de la protecci\u00f3n y conservaci\u00f3n del medio ambiente como elementos esenciales para el desenvolvimiento arm\u00f3nico e integral del individuo y la sociedad.<\/span><\/p>\n<p class=\"x_gmail-xxmsonormal\"><span lang=\"ES-TRAD\">Es la iniciativa que present\u00f3 ante el Pleno busca fortalecer las capacidades y desarrollo intelectual de las ni\u00f1as, ni\u00f1os y j\u00f3venes para comprometerlos en la importancia que tiene nuestro medio ambiente, protegerlo es responsabilidad de todos, creando los espacios para su protecci\u00f3n, como son los huertos escolares que deber\u00e1n verse como un recurso de ense\u00f1anza, que le permite al maestro y la maestra planificar y desarrollar actividades integradas en todas las disciplinas, tomando en cuenta los contenidos relacionados con nutrici\u00f3n y seguridad alimentaria.<\/span><\/p>\n<p class=\"x_gmail-xxmsonormal\"><span lang=\"ES-TRAD\">Adem\u00e1s se suma el seguimiento que se ha dado al exhorto realizado a la Secretar\u00eda de Educaci\u00f3n y de Salud en el Estado para atender la obesidad en los ni\u00f1os michoacanos, mismo que present\u00f3 ante el Pleno del Congreso del Estado el punto de acuerdo mediante el cual se exhorta al titular del Poder Ejecutivo Estatal, para que instruya al titular de la Secretaria de Salud y al titular de la Secretaria de Educaci\u00f3n en el Estado, con el objetivo de\u00a0 que implementen campa\u00f1as de prevenci\u00f3n, vigilancia y prohibici\u00f3n de productos que contribuyan a la obesidad infantil en los centros escolares, que fue avalada por la mayor\u00eda parlamentaria.\u00a0<\/span><\/p>\n<p class=\"x_gmail-xxmsonormal\"><span lang=\"ES-TRAD\">La legisladora del tricolor indic\u00f3 que en el Distrito 10 el cual representa, se han realizado acciones tendientes a la prevenci\u00f3n de la obesidad y en generar una cultura de buenos h\u00e1bitos alimenticios y promoci\u00f3n del deporte, entre los habitantes de esta zona de Morelia.<\/span><\/p>\n<p><span lang=\"ES-TRAD\">En este sentido, sostuvo que es fundamental acercar a los ni\u00f1os a los ni\u00f1os\u00a0 experiencias nuevas de conocimiento y saber, particularmente cuando se trate de la ciencia, tecnolog\u00eda, deporte y entretenimiento, ya que en muchas ocasiones las limitaciones tanto de infraestructura, de tiempo pedag\u00f3gico y desarrollo curricular y desde luego las condiciones socioecon\u00f3micas no se los permite, tomarlos en sus escuelas.\u00a0<\/span><\/p>\n","protected":false},"excerpt":{"rendered":"<p>\u00a0La diputada tricolor los cursos que est\u00e1n dirigidos a ni\u00f1os y ni\u00f1as del\u00a0 Distrito 10 de Morelia, se suman a otras acciones que desde el Congreso y en su casa de enlace realiza a favor de este sector social Morelia, Michoac\u00e1n, 16 de Julio de 2017.-\u00a0Este lunes arrancan en el Distrito 10 de Morelia Noroeste, [&hellip;]<\/p>\n","protected":false},"author":2,"featured_media":40264,"comment_status":"closed","ping_status":"closed","sticky":false,"template":"","format":"standard","meta":{"footnotes":""},"categories":[6,14,7],"tags":[],"class_list":["post-40263","post","type-post","status-publish","format-standard","has-post-thumbnail","hentry","category-congreso-del-estado","category-destacadas","category-grupo-parlamentario-del-pri"],"_links":{"self":[{"href":"https:\/\/radiowebmx.com\/nota\/wp-json\/wp\/v2\/posts\/40263","targetHints":{"allow":["GET"]}}],"collection":[{"href":"https:\/\/radiowebmx.com\/nota\/wp-json\/wp\/v2\/posts"}],"about":[{"href":"https:\/\/radiowebmx.com\/nota\/wp-json\/wp\/v2\/types\/post"}],"author":[{"embeddable":true,"href":"https:\/\/radiowebmx.com\/nota\/wp-json\/wp\/v2\/users\/2"}],"replies":[{"embeddable":true,"href":"https:\/\/radiowebmx.com\/nota\/wp-json\/wp\/v2\/comments?post=40263"}],"version-history":[{"count":1,"href":"https:\/\/radiowebmx.com\/nota\/wp-json\/wp\/v2\/posts\/40263\/revisions"}],"predecessor-version":[{"id":40265,"href":"https:\/\/radiowebmx.com\/nota\/wp-json\/wp\/v2\/posts\/40263\/revisions\/40265"}],"wp:featuredmedia":[{"embeddable":true,"href":"https:\/\/radiowebmx.com\/nota\/wp-json\/wp\/v2\/media\/40264"}],"wp:attachment":[{"href":"https:\/\/radiowebmx.com\/nota\/wp-json\/wp\/v2\/media?parent=40263"}],"wp:term":[{"taxonomy":"category","embeddable":true,"href":"https:\/\/radiowebmx.com\/nota\/wp-json\/wp\/v2\/categories?post=40263"},{"taxonomy":"post_tag","embeddable":true,"href":"https:\/\/radiowebmx.com\/nota\/wp-json\/wp\/v2\/tags?post=40263"}],"curies":[{"name":"wp","href":"https:\/\/api.w.org\/{rel}","templated":true}]}}