{"id":4026,"date":"2013-09-27T12:32:04","date_gmt":"2013-09-27T17:32:04","guid":{"rendered":"https:\/\/radiowebmx.com\/nota\/?p=4026"},"modified":"2013-10-02T12:36:38","modified_gmt":"2013-10-02T17:36:38","slug":"instalan-mesa-de-seguimiento-del-acuerdo-por-michoacan","status":"publish","type":"post","link":"https:\/\/radiowebmx.com\/nota\/instalan-mesa-de-seguimiento-del-acuerdo-por-michoacan\/","title":{"rendered":"INSTALAN MESA DE SEGUIMIENTO DEL ACUERDO POR MICHOAC\u00c1N"},"content":{"rendered":"<p><a href=\"https:\/\/radiowebmx.com\/nota\/wp-content\/uploads\/2013\/10\/DSC_3292.jpg\"><img loading=\"lazy\" decoding=\"async\" class=\"alignleft size-full wp-image-4027\" alt=\"DSC_3292\" src=\"https:\/\/radiowebmx.com\/nota\/wp-content\/uploads\/2013\/10\/DSC_3292.jpg\" width=\"591\" height=\"210\" \/><\/a>El gobernador del estado Jes\u00fas Reyna Garc\u00eda, instal\u00f3 la Mesa de Seguimiento del Acuerdo por Michoac\u00e1n, \u00f3rgano que se encargar\u00e1 de evaluar el cumplimiento y los alcances del Acuerdo; al mismo tiempo, tom\u00f3 protesta a Rogelio D\u00edaz Ortiz, representante ciudadano y secretario t\u00e9cnico de esta Mesa.<\/p>\n<p>En presencia de las senadoras de la Rep\u00fablica, Roc\u00edo Pineda Gochi y Luisa Mar\u00eda Calder\u00f3n Hinojosa, diputados locales, representantes de la academia, de la sociedad civil organizada, c\u00e1maras empresariales y funcionarios estatales, el mandatario estatal dio a conocer los alcances que hasta ahora se tienen de las acciones comprendidas en el Acuerdo.<\/p>\n<p>As\u00ed, Reyna Garc\u00eda explic\u00f3 que en lo que concierne a la Primera L\u00ednea de Desarrollo Econ\u00f3mico, Competitividad y Empleo, dentro del objetivo de emprender un Programa Emergente para el desarrollo de la Sierra-Costa y Ci\u00e9nega-Occidente, Reyna Garc\u00eda manifest\u00f3 que ya se tienen aprobados recursos para una presa en el municipio de Aquila y junto con la Secretar\u00eda de Comunicaciones y Transportes, para la conexi\u00f3n de la carretera Jiquilpan- Autopista de Occidente, aunque ya se tienen dos trazos proyectos, se trabaja en una tercera propuesta para dicha obra.<\/p>\n<p>Para apoyar a los municipios, tal como se acord\u00f3 se firm\u00f3 el Programa de Obra Convenida 2013, con el mismo monto que el otorgado el a\u00f1o pasado.<\/p>\n<p>Tambi\u00e9n con el prop\u00f3sito de impulsar el desarrollo regional, dentro de las reformas al Reglamento de Adquisiciones y Obras P\u00fablicas, se da preferencia a empresas y proveedores establecidos en Michoac\u00e1n. Adem\u00e1s, ya est\u00e1 pr\u00e1cticamente terminado por el Ejecutivo la Ley para la Competitividad y Mejora Regulatoria y ya se present\u00f3 al Legislativo local el proyecto de Ley de Asociaciones P\u00fablico-Privadas.<\/p>\n<p>En lo referente a la Segunda L\u00ednea de Desarrollo Social, se trabaja en la construcci\u00f3n de los nuevos hospitales Civil e Infantil, que hab\u00eda sido una de las peticiones; ya concluy\u00f3 el proyecto del Reglamento para el Desarrollo y Protecci\u00f3n de las Madres Jefas de Familia y se instal\u00f3 el Sistema Estatal para este prop\u00f3sito; pero tambi\u00e9n se autoriz\u00f3 un programa de becas para este sector de la poblaci\u00f3n con una propuesta inicial de mil becarias que est\u00e1 previ\u00e9ndose ampliar con 500 m\u00e1s.<\/p>\n<p>El Legislativo tambi\u00e9n contribuye en este rubro con la iniciativa de Ley de Responsabilidad Ambiental.<\/p>\n<p>Mientras que en la Cuarta L\u00ednea, Administraci\u00f3n, Finanzas, Transparencia y Rendici\u00f3n de Cuentas, en primera instancia el pasado 10 de septiembre se instal\u00f3 la Comisi\u00f3n plural de Legisladores Federales Michoacanos y el Ejecutivo elabor\u00f3 y firm\u00f3 en d\u00edas recientes el C\u00f3digo de \u00c9tica para los servidores p\u00fablicos estatales.<\/p>\n<p>Reyna Garc\u00eda explic\u00f3 adem\u00e1s lo referente a la Cuarta L\u00ednea: Gobernabilidad, Seguridad P\u00fablica y Justicia, mencion\u00f3 que ya est\u00e1n listas las nuevas instalaciones del C4 y \u00fanicamente falta alinear con la operatividad del sistema anterior, para que en ning\u00fan momento este Centro deje de funcionar. Agreg\u00f3 que ya est\u00e1n instaladas las c\u00e1maras de seguridad en Morelia y \u00fanicamente falta colocarlas en el resto de las ciudades contempladas en este proyecto.<\/p>\n<p>Inform\u00f3 que el estado se encuentra a tiempo en los avances y objetivos para la implementaci\u00f3n del Nuevo Sistema de Justicia Penal.<\/p>\n<p>Sobre la Quinta L\u00ednea: Educaci\u00f3n, Ciencia, Tecnolog\u00eda e Innovaci\u00f3n, Jes\u00fas Reyna mencion\u00f3 que ya se realiz\u00f3 a nivel estatal y municipal el cruce de n\u00f3minas de los servidores p\u00fablicos y empleados de los diferentes poderes y lo que sigue, es proceder conforme la ley aplicable para evitar duplicidades.<\/p>\n<p>Reiter\u00f3 de nueva cuenta que el gobierno estatal va con la Reforma Educativa, por lo que las plazas para los nuevos docentes estar\u00e1n sujetas al Concurso Nacional y el marco jur\u00eddico federal vigente.<\/p>\n<p>Finalmente, de la Sexta L\u00ednea: Recuperaci\u00f3n de la Imagen y Confianza en el estado, el gobernador michoacano se\u00f1al\u00f3 que con \u00e9xito se llev\u00f3 a cabo el Segundo Congreso Estatal de Turismo y con la reciente visita de la secretaria de Turismo federal, Claudia Ruiz Massieu, se logr\u00f3 conseguir 40 millones de pesos m\u00e1s inversi\u00f3n en promoci\u00f3n y difusi\u00f3n de Michoac\u00e1n.<\/p>\n<p>Reyna Garc\u00eda apunt\u00f3 que la constante visita de secretarios federales a Michoac\u00e1n, da muestra del inter\u00e9s del gobierno del presidente Enrique Pe\u00f1a Nieto por apoyar al estado y adelant\u00f3 que la pr\u00f3xima semana est\u00e1 prevista la gira de trabajo por nuestra entidad de los titulares de la Secretar\u00eda de Hacienda y Cr\u00e9dito P\u00fablico, y de Relaciones Exteriores.<\/p>\n<p>Antes de concluir esta primera reuni\u00f3n de la Mesa de Seguimiento, el gobernador Jes\u00fas Reyna hizo el compromiso de que los signatarios del Acuerdo por Michoac\u00e1n tendr\u00e1n de manera precisa la relaci\u00f3n de los municipios que los funcionarios estatales han visitado y las acciones de apoyo emprendidas.<\/p>\n<p>Asimismo, se acord\u00f3 que la pr\u00f3xima semana quedar\u00e1n instaladas las seis comisiones que habr\u00e1n de atender las l\u00edneas de trabajo para a la brevedad iniciar los trabajos de evaluaci\u00f3n y la pr\u00f3xima reuni\u00f3n ser\u00e1 dentro de un mes.<\/p>\n<p>El secretario de Gobierno, Jaime Mares Camarena, record\u00f3 que con el Acuerdo por Michoac\u00e1n y esta mesa de trabajo, se da un paso trascendente en la vida institucional del estado, puesto que sociedad y gobiernos inician un di\u00e1logo intenso y productivo en que con la bandera del consenso, se avanza con un rumbo preciso: el bienestar, desarrollo y estabilidad de Michoac\u00e1n.<\/p>\n","protected":false},"excerpt":{"rendered":"<p>El gobernador del estado Jes\u00fas Reyna Garc\u00eda, instal\u00f3 la Mesa de Seguimiento del Acuerdo por Michoac\u00e1n, \u00f3rgano que se encargar\u00e1 de evaluar el cumplimiento y los alcances del Acuerdo; al mismo tiempo, tom\u00f3 protesta a Rogelio D\u00edaz Ortiz, representante ciudadano y secretario t\u00e9cnico de esta Mesa.<\/p>\n","protected":false},"author":1,"featured_media":0,"comment_status":"open","ping_status":"open","sticky":false,"template":"","format":"standard","meta":{"footnotes":""},"categories":[14,3],"tags":[],"class_list":["post-4026","post","type-post","status-publish","format-standard","hentry","category-destacadas","category-gobierno-del-estado-de-michoacan"],"_links":{"self":[{"href":"https:\/\/radiowebmx.com\/nota\/wp-json\/wp\/v2\/posts\/4026","targetHints":{"allow":["GET"]}}],"collection":[{"href":"https:\/\/radiowebmx.com\/nota\/wp-json\/wp\/v2\/posts"}],"about":[{"href":"https:\/\/radiowebmx.com\/nota\/wp-json\/wp\/v2\/types\/post"}],"author":[{"embeddable":true,"href":"https:\/\/radiowebmx.com\/nota\/wp-json\/wp\/v2\/users\/1"}],"replies":[{"embeddable":true,"href":"https:\/\/radiowebmx.com\/nota\/wp-json\/wp\/v2\/comments?post=4026"}],"version-history":[{"count":2,"href":"https:\/\/radiowebmx.com\/nota\/wp-json\/wp\/v2\/posts\/4026\/revisions"}],"predecessor-version":[{"id":4029,"href":"https:\/\/radiowebmx.com\/nota\/wp-json\/wp\/v2\/posts\/4026\/revisions\/4029"}],"wp:attachment":[{"href":"https:\/\/radiowebmx.com\/nota\/wp-json\/wp\/v2\/media?parent=4026"}],"wp:term":[{"taxonomy":"category","embeddable":true,"href":"https:\/\/radiowebmx.com\/nota\/wp-json\/wp\/v2\/categories?post=4026"},{"taxonomy":"post_tag","embeddable":true,"href":"https:\/\/radiowebmx.com\/nota\/wp-json\/wp\/v2\/tags?post=4026"}],"curies":[{"name":"wp","href":"https:\/\/api.w.org\/{rel}","templated":true}]}}