{"id":40257,"date":"2017-07-15T17:55:35","date_gmt":"2017-07-15T22:55:35","guid":{"rendered":"https:\/\/radiowebmx.com\/nota\/?p=40257"},"modified":"2017-07-17T13:28:30","modified_gmt":"2017-07-17T18:28:30","slug":"jorge-colin-presidente-provisional-de-jungapeo","status":"publish","type":"post","link":"https:\/\/radiowebmx.com\/nota\/jorge-colin-presidente-provisional-de-jungapeo\/","title":{"rendered":"Jorge Col\u00edn, Presidente Provisional de Jungapeo"},"content":{"rendered":"<p class=\"x_MsoNormal\"><b><span lang=\"ES-MX\">Morelia; Michoac\u00e1n, 15 de julio 2017.-\u00a0<\/span><\/b><span lang=\"ES-MX\">Por unanimidad, con 36 votos a favor cero en contra y cero abstenciones, se aprob\u00f3 en lo general y en lo particular por la\u00a0<span id=\"0.1683195578591974\" class=\"currentHitHighlight\">LXXIII<\/span>\u00a0Legislatura el decreto por el que se design\u00f3 a Jorge Manuel Col\u00edn Callejas, como Presidente Municipal provisional del Ayuntamiento Constitucional de Jungapeo Michoac\u00e1n, dentro del periodo constitucional 2015-2018.<\/span><\/p>\n<p class=\"x_MsoNormal\"><span lang=\"ES-MX\">Col\u00edn Callejas, tom\u00f3 protesta ante el Pleno acompa\u00f1ado de la Comisi\u00f3n de Protocolo designada por el diputado Pascual Sigala P\u00e1ez, Presidente de la Mesa Directiva, e integrada por Andrea Villanueva, Juanita Ram\u00edrez, \u00c1ngel Cedillo, Mario Armando Mendoza, Jeovana Alc\u00e1ntar y Mary Carmen Bernal.<\/span><\/p>\n<p><span lang=\"ES\">El dictamen, establece que el Presidente Municipal Provisional, permanecer\u00e1 en el cargo, en tanto el ciudadano Javier Hern\u00e1ndez Rivera, se encuentra en posibilidad legal y material de reincorporarse a su encargo, mediando el tr\u00e1mite respectivo.<\/span><\/p>\n","protected":false},"excerpt":{"rendered":"<p>Morelia; Michoac\u00e1n, 15 de julio 2017.-\u00a0Por unanimidad, con 36 votos a favor cero en contra y cero abstenciones, se aprob\u00f3 en lo general y en lo particular por la\u00a0LXXIII\u00a0Legislatura el decreto por el que se design\u00f3 a Jorge Manuel Col\u00edn Callejas, como Presidente Municipal provisional del Ayuntamiento Constitucional de Jungapeo Michoac\u00e1n, dentro del periodo constitucional [&hellip;]<\/p>\n","protected":false},"author":2,"featured_media":40258,"comment_status":"closed","ping_status":"closed","sticky":false,"template":"","format":"standard","meta":{"footnotes":""},"categories":[6,14],"tags":[],"class_list":["post-40257","post","type-post","status-publish","format-standard","has-post-thumbnail","hentry","category-congreso-del-estado","category-destacadas"],"_links":{"self":[{"href":"https:\/\/radiowebmx.com\/nota\/wp-json\/wp\/v2\/posts\/40257","targetHints":{"allow":["GET"]}}],"collection":[{"href":"https:\/\/radiowebmx.com\/nota\/wp-json\/wp\/v2\/posts"}],"about":[{"href":"https:\/\/radiowebmx.com\/nota\/wp-json\/wp\/v2\/types\/post"}],"author":[{"embeddable":true,"href":"https:\/\/radiowebmx.com\/nota\/wp-json\/wp\/v2\/users\/2"}],"replies":[{"embeddable":true,"href":"https:\/\/radiowebmx.com\/nota\/wp-json\/wp\/v2\/comments?post=40257"}],"version-history":[{"count":1,"href":"https:\/\/radiowebmx.com\/nota\/wp-json\/wp\/v2\/posts\/40257\/revisions"}],"predecessor-version":[{"id":40259,"href":"https:\/\/radiowebmx.com\/nota\/wp-json\/wp\/v2\/posts\/40257\/revisions\/40259"}],"wp:featuredmedia":[{"embeddable":true,"href":"https:\/\/radiowebmx.com\/nota\/wp-json\/wp\/v2\/media\/40258"}],"wp:attachment":[{"href":"https:\/\/radiowebmx.com\/nota\/wp-json\/wp\/v2\/media?parent=40257"}],"wp:term":[{"taxonomy":"category","embeddable":true,"href":"https:\/\/radiowebmx.com\/nota\/wp-json\/wp\/v2\/categories?post=40257"},{"taxonomy":"post_tag","embeddable":true,"href":"https:\/\/radiowebmx.com\/nota\/wp-json\/wp\/v2\/tags?post=40257"}],"curies":[{"name":"wp","href":"https:\/\/api.w.org\/{rel}","templated":true}]}}