{"id":40238,"date":"2017-07-14T19:26:10","date_gmt":"2017-07-15T00:26:10","guid":{"rendered":"https:\/\/radiowebmx.com\/nota\/?p=40238"},"modified":"2017-07-17T12:53:07","modified_gmt":"2017-07-17T17:53:07","slug":"no-mas-aumento-a-la-gasolina-y-diesel-piden-diputados","status":"publish","type":"post","link":"https:\/\/radiowebmx.com\/nota\/no-mas-aumento-a-la-gasolina-y-diesel-piden-diputados\/","title":{"rendered":"No m\u00e1s aumento a la gasolina y diesel, piden diputados"},"content":{"rendered":"<ul type=\"disc\">\n<li class=\"x_MsoNormal\"><strong>El Congreso del Estado, aprob\u00f3 enviar un exhorto al Congreso de\u00a0<span lang=\"ES\">la Uni\u00f3n y al Titular del Poder Ejecutivo Federal para que se busquen acciones que impidan el aumento en sus precios.<\/span><\/strong><i><\/i><\/li>\n<\/ul>\n<p>&nbsp;<\/p>\n<p class=\"x_MsoNormal\"><b>Morelia; Michoac\u00e1n, 14 de julio de 2017.-<\/b>\u00a0Para evitar que se contin\u00fae afectando a los ciudadanos con el constante incremento de la gasolina y el diesel, el Pleno de la<span id=\"0.2801604362626027\" class=\"currentHitHighlight\">LXXIII<\/span>\u00a0Legislatura aprob\u00f3 enviar un exhorto\u00a0<span lang=\"ES\">al Congreso de la Uni\u00f3n y al Titular del Poder Ejecutivo Federal para que \u00e9stos\u00a0<\/span><span style=\"color: #000000; font-family: Arial, sans-serif;\">emitan un acuerdo de car\u00e1cter general para modificar las disposiciones establecidas por los art\u00edculos d\u00e9cimo primero y d\u00e9cimo segundo transitorios del decreto por el que se expide la Ley de Ingresos de la Federaci\u00f3n para el ejercicio 2017 en relaci\u00f3n con el aumento de los precios al p\u00fablico de las gasolinas y el diesel, adem\u00e1s de que la Comisi\u00f3n Reguladora de Energ\u00eda y la Comisi\u00f3n Federal de Competencia Econ\u00f3mica consideren las diferencias relativas por costos de transporte entre regiones y las diversas modalidades de distribuci\u00f3n y expendi\u00f3\u00a0al p\u00fablico, en su caso, debiendo proveer ajustes de forma congruente con la inflaci\u00f3n esperada en la econom\u00eda.<\/span><\/p>\n<p class=\"x_MsoNormal\">Los acuerdos relativos al respecto, fueron propuestos por los diputados Belinda Iturbide, Andrea Villanueva y Juan Pablo Puebla. Que para tales efectos fueron integrados en uno solo y dictaminado por las Comisiones de Programaci\u00f3n, Presupuesto y Cuenta P\u00fablica y de Industria, Comercio y Servicios, mismo que tambi\u00e9n pide prorrogar el impacto del incremento en los precios de la gasolina y el diesel, para que en estos momentos no est\u00e9n supeditados a la\u00a0referencia internacional\u00a0de cada combustible, en tanto no existan las inversiones del extranjero o del mismo pa\u00eds que busquen invertir en la afinaci\u00f3n, producci\u00f3n y distribuci\u00f3n.<\/p>\n<p class=\"x_MsoNormal\">Lo anterior derivado del descontento entre la poblaci\u00f3n, transportistas y el sector empresarial, porque adicionalmente impacta a la adquisici\u00f3n de otros productos y servicios, afectando el bolsillo de los ciudadanos, pues a su vez se genera una alza en los precios de los productos de la canasta b\u00e1sica, as\u00ed como de la luz, gas y de otros servicios.<\/p>\n","protected":false},"excerpt":{"rendered":"<p>El Congreso del Estado, aprob\u00f3 enviar un exhorto al Congreso de\u00a0la Uni\u00f3n y al Titular del Poder Ejecutivo Federal para que se busquen acciones que impidan el aumento en sus precios. &nbsp; Morelia; Michoac\u00e1n, 14 de julio de 2017.-\u00a0Para evitar que se contin\u00fae afectando a los ciudadanos con el constante incremento de la gasolina y [&hellip;]<\/p>\n","protected":false},"author":2,"featured_media":40239,"comment_status":"closed","ping_status":"closed","sticky":false,"template":"","format":"standard","meta":{"footnotes":""},"categories":[6,14,19],"tags":[],"class_list":["post-40238","post","type-post","status-publish","format-standard","has-post-thumbnail","hentry","category-congreso-del-estado","category-destacadas","category-grupo-parlamentario-del-prd"],"_links":{"self":[{"href":"https:\/\/radiowebmx.com\/nota\/wp-json\/wp\/v2\/posts\/40238","targetHints":{"allow":["GET"]}}],"collection":[{"href":"https:\/\/radiowebmx.com\/nota\/wp-json\/wp\/v2\/posts"}],"about":[{"href":"https:\/\/radiowebmx.com\/nota\/wp-json\/wp\/v2\/types\/post"}],"author":[{"embeddable":true,"href":"https:\/\/radiowebmx.com\/nota\/wp-json\/wp\/v2\/users\/2"}],"replies":[{"embeddable":true,"href":"https:\/\/radiowebmx.com\/nota\/wp-json\/wp\/v2\/comments?post=40238"}],"version-history":[{"count":2,"href":"https:\/\/radiowebmx.com\/nota\/wp-json\/wp\/v2\/posts\/40238\/revisions"}],"predecessor-version":[{"id":40241,"href":"https:\/\/radiowebmx.com\/nota\/wp-json\/wp\/v2\/posts\/40238\/revisions\/40241"}],"wp:featuredmedia":[{"embeddable":true,"href":"https:\/\/radiowebmx.com\/nota\/wp-json\/wp\/v2\/media\/40239"}],"wp:attachment":[{"href":"https:\/\/radiowebmx.com\/nota\/wp-json\/wp\/v2\/media?parent=40238"}],"wp:term":[{"taxonomy":"category","embeddable":true,"href":"https:\/\/radiowebmx.com\/nota\/wp-json\/wp\/v2\/categories?post=40238"},{"taxonomy":"post_tag","embeddable":true,"href":"https:\/\/radiowebmx.com\/nota\/wp-json\/wp\/v2\/tags?post=40238"}],"curies":[{"name":"wp","href":"https:\/\/api.w.org\/{rel}","templated":true}]}}