{"id":40231,"date":"2017-07-14T18:42:07","date_gmt":"2017-07-14T23:42:07","guid":{"rendered":"https:\/\/radiowebmx.com\/nota\/?p=40231"},"modified":"2017-07-17T12:44:44","modified_gmt":"2017-07-17T17:44:44","slug":"promueve-enrique-zepeda-exhorto-para-defender-al-cobaem","status":"publish","type":"post","link":"https:\/\/radiowebmx.com\/nota\/promueve-enrique-zepeda-exhorto-para-defender-al-cobaem\/","title":{"rendered":"Promueve Enrique Zepeda exhorto para defender al COBAEM"},"content":{"rendered":"<ul>\n<li class=\"x_gmail-MsoNoSpacing\"><strong>\u00a0\u00a0\u00a0<i>Congreso exhort\u00f3 al Ejecutivo para transparentar traspaso de inmueble propiedad del Colegio de Bachilleres<\/i><\/strong><\/li>\n<\/ul>\n<p class=\"x_gmail-MsoNoSpacing\">\n<p><a href=\"https:\/\/radiowebmx.com\/nota\/wp-content\/uploads\/2017\/07\/Comunicado-1003-2.jpg\"><img loading=\"lazy\" decoding=\"async\" class=\"alignnone  wp-image-40233\" src=\"https:\/\/radiowebmx.com\/nota\/wp-content\/uploads\/2017\/07\/Comunicado-1003-2-595x571.jpg\" alt=\"\" width=\"400\" height=\"384\" srcset=\"https:\/\/radiowebmx.com\/nota\/wp-content\/uploads\/2017\/07\/Comunicado-1003-2-595x571.jpg 595w, https:\/\/radiowebmx.com\/nota\/wp-content\/uploads\/2017\/07\/Comunicado-1003-2.jpg 709w\" sizes=\"auto, (max-width: 400px) 100vw, 400px\" \/><\/a><\/p>\n<p>&nbsp;<\/p>\n<p class=\"x_gmail-MsoNoSpacing\"><b>Morelia; Michoac\u00e1n, 14 de julio de 2017.- \u00a0<\/b>A propuesta de diputado<b>\u00a0<\/b>Enrique Zepeda Ontiveros, el Congreso del Estado exhort\u00f3 al Poder Ejecutivo para que d\u00e9 claridad y certidumbre entre el COBAEM y la PGJE sobre el traspaso de un inmueble propiedad del Colegio de Bachilleres en la ciudad de Morelia, para evitar especulaciones o malos entendidos, y busque los mecanismos que den equilibrio a ambas instituciones, garantizando no afectar lo ya existente para dar vida al proyecto de ampliaci\u00f3n de Ciudad Ministerial.<\/p>\n<p class=\"x_gmail-MsoNoSpacing\">El diputado por el partido de Morena en su propuesta de Acuerdo de igual forma exhorta al titular del Poder Ejecutivo para que d\u00e9 certeza jur\u00eddica mediante los convenios y procedimientos legales a trabajadores administrativos del Colegio de Bachilleres del Estado de Michoac\u00e1n.<\/p>\n<p class=\"x_gmail-MsoNoSpacing\">Zepeda Ontiveros expres\u00f3 que si lo que se busca es fortalecer el sistema de procuraci\u00f3n de Justicia, esto no deber\u00eda ser en perjuicio de lo que ya se encuentra instituido y consolidado como lo es una instituci\u00f3n que a lo largo de 34 a\u00f1os ha llegado a proporcionar educaci\u00f3n a m\u00e1s de 50 mil estudiantes a trav\u00e9s de 110 planteles en todo el estado.<\/p>\n<p class=\"x_gmail-MsoNoSpacing\">Lo anterior, en relaci\u00f3n a que en d\u00edas anteriores los trabajadores adscritos a las oficinas administrativas centrales que se encuentran a un costado de la Procuradur\u00eda, as\u00ed como los Miembros del Sindicato de Trabajadores Unidos del Colegio de Bachilleres del Estado de Michoac\u00e1n (Stucobaem) han expresado la inconformidad y la preocupaci\u00f3n que existe por la intenci\u00f3n de ceder a la Procuradur\u00eda General de Justicia del Estado (PGJE).<\/p>\n<p class=\"x_gmail-MsoNoSpacing\">Dichas instalaciones administrativas que albergan a 300 trabajadores, y que por indicaciones del Gobernador y a trav\u00e9s del Director General Alejandro Bustos Aguilar del COBAEM han hecho saber la intenci\u00f3n de ampliar el proyecto de Ciudad Ministerial, declarando que la propuesta es desocupar el inmueble en su totalidad para albergar oficinas ministeriales.<\/p>\n<p class=\"x_gmail-MsoNoSpacing\">Asimismo, expone el director del COBAEM que se pretende en un lapso de tiempo rentar espacios para funcionar en lo que se edifica un nuevo lugar para los trabajadores administrativos, que en lo supuesto se llevar\u00eda sobre un terreno que le pertenece al Gobierno que se encuentra frente el deportivo Indeco, ya una vez concluido se ceder\u00eda el edificio y el nuevo pasar\u00eda al patrimonio del Colegio de Bachilleres del Estado de Michoac\u00e1n.<\/p>\n<p class=\"x_gmail-MsoNoSpacing\">\n","protected":false},"excerpt":{"rendered":"<p>\u00a0\u00a0\u00a0Congreso exhort\u00f3 al Ejecutivo para transparentar traspaso de inmueble propiedad del Colegio de Bachilleres &nbsp; Morelia; Michoac\u00e1n, 14 de julio de 2017.- \u00a0A propuesta de diputado\u00a0Enrique Zepeda Ontiveros, el Congreso del Estado exhort\u00f3 al Poder Ejecutivo para que d\u00e9 claridad y certidumbre entre el COBAEM y la PGJE sobre el traspaso de un inmueble propiedad [&hellip;]<\/p>\n","protected":false},"author":2,"featured_media":40232,"comment_status":"closed","ping_status":"closed","sticky":false,"template":"","format":"standard","meta":{"footnotes":""},"categories":[6,14],"tags":[],"class_list":["post-40231","post","type-post","status-publish","format-standard","has-post-thumbnail","hentry","category-congreso-del-estado","category-destacadas"],"_links":{"self":[{"href":"https:\/\/radiowebmx.com\/nota\/wp-json\/wp\/v2\/posts\/40231","targetHints":{"allow":["GET"]}}],"collection":[{"href":"https:\/\/radiowebmx.com\/nota\/wp-json\/wp\/v2\/posts"}],"about":[{"href":"https:\/\/radiowebmx.com\/nota\/wp-json\/wp\/v2\/types\/post"}],"author":[{"embeddable":true,"href":"https:\/\/radiowebmx.com\/nota\/wp-json\/wp\/v2\/users\/2"}],"replies":[{"embeddable":true,"href":"https:\/\/radiowebmx.com\/nota\/wp-json\/wp\/v2\/comments?post=40231"}],"version-history":[{"count":1,"href":"https:\/\/radiowebmx.com\/nota\/wp-json\/wp\/v2\/posts\/40231\/revisions"}],"predecessor-version":[{"id":40234,"href":"https:\/\/radiowebmx.com\/nota\/wp-json\/wp\/v2\/posts\/40231\/revisions\/40234"}],"wp:featuredmedia":[{"embeddable":true,"href":"https:\/\/radiowebmx.com\/nota\/wp-json\/wp\/v2\/media\/40232"}],"wp:attachment":[{"href":"https:\/\/radiowebmx.com\/nota\/wp-json\/wp\/v2\/media?parent=40231"}],"wp:term":[{"taxonomy":"category","embeddable":true,"href":"https:\/\/radiowebmx.com\/nota\/wp-json\/wp\/v2\/categories?post=40231"},{"taxonomy":"post_tag","embeddable":true,"href":"https:\/\/radiowebmx.com\/nota\/wp-json\/wp\/v2\/tags?post=40231"}],"curies":[{"name":"wp","href":"https:\/\/api.w.org\/{rel}","templated":true}]}}