{"id":40228,"date":"2017-07-14T17:49:15","date_gmt":"2017-07-14T22:49:15","guid":{"rendered":"https:\/\/radiowebmx.com\/nota\/?p=40228"},"modified":"2017-07-17T12:40:42","modified_gmt":"2017-07-17T17:40:42","slug":"eligen-diputados-consejeros-de-la-cedh","status":"publish","type":"post","link":"https:\/\/radiowebmx.com\/nota\/eligen-diputados-consejeros-de-la-cedh\/","title":{"rendered":"Eligen diputados Consejeros de la CEDH"},"content":{"rendered":"<p class=\"x_MsoNormal\"><b>Morelia; Michoac\u00e1n, 14 de julio de 2017<\/b>.- Con el prop\u00f3sito de fortalecer el trabajo que realiza la Comisi\u00f3n Estatal de Derechos Humanos (CEDH), el Congreso local design\u00f3 a los tres nuevos Consejeros Ciudadanos que integrar\u00e1n el organismo aut\u00f3nomo.<\/p>\n<p class=\"x_MsoNormal\">Los ciudadanos Daniel Rojas Sandoval, Juan Guillermo Cuevas Toledo, M\u00f3nica Gabriela Andrade Molina y Marco Antonio Tinoco \u00c1lvarez, fungir\u00e1n como Consejeros de la CEDH, luego de que fueran electos mediante una terna, presentada ante el Pleno por los diputados Nalleli Pedraza, Andrea Villanueva, Raymundo Arreola, \u00c1ngel Cedillo, Carlos Quintana, Ernesto N\u00fa\u00f1ez y X\u00f3chitl Ruiz, integrantes de las Comisiones Unidas de Derechos Humanos y de Justicia, responsables de la elaboraci\u00f3n del dictamen.<\/p>\n<p class=\"x_MsoNormal\">Con su designaci\u00f3n la\u00a0<span id=\"0.11603840861015113\" class=\"currentHitHighlight\">LXXIII<\/span>\u00a0Legislatura local refrenda su compromiso para impulsar ordenamientos legales y acuerdos que contribuyan a garantizar el pleno respeto y desarrollo de los derechos humanos en la entidad.<\/p>\n<p class=\"x_MsoNormal\">Los Consejeros Ciudadanos electos durar\u00e1n en su encargo dos a\u00f1os, a partir del d\u00eda 06 de julio del 2017 al 5 de julio de 2019, y tendr\u00e1n car\u00e1cter honorifico.<\/p>\n<p class=\"x_MsoNormal\">La terna para elegir Consejeros fue conforma por diputados integrantes de las Comisiones Unidas, una vez concluido el proceso establecido en la Convocatoria para la designaci\u00f3n de Consejeros propietarios y suplentes, respecto a las propuestas recibidas a ocupar dichas vacantes.<\/p>\n","protected":false},"excerpt":{"rendered":"<p>Morelia; Michoac\u00e1n, 14 de julio de 2017.- Con el prop\u00f3sito de fortalecer el trabajo que realiza la Comisi\u00f3n Estatal de Derechos Humanos (CEDH), el Congreso local design\u00f3 a los tres nuevos Consejeros Ciudadanos que integrar\u00e1n el organismo aut\u00f3nomo. Los ciudadanos Daniel Rojas Sandoval, Juan Guillermo Cuevas Toledo, M\u00f3nica Gabriela Andrade Molina y Marco Antonio Tinoco [&hellip;]<\/p>\n","protected":false},"author":2,"featured_media":40229,"comment_status":"closed","ping_status":"closed","sticky":false,"template":"","format":"standard","meta":{"footnotes":""},"categories":[6,14],"tags":[],"class_list":["post-40228","post","type-post","status-publish","format-standard","has-post-thumbnail","hentry","category-congreso-del-estado","category-destacadas"],"_links":{"self":[{"href":"https:\/\/radiowebmx.com\/nota\/wp-json\/wp\/v2\/posts\/40228","targetHints":{"allow":["GET"]}}],"collection":[{"href":"https:\/\/radiowebmx.com\/nota\/wp-json\/wp\/v2\/posts"}],"about":[{"href":"https:\/\/radiowebmx.com\/nota\/wp-json\/wp\/v2\/types\/post"}],"author":[{"embeddable":true,"href":"https:\/\/radiowebmx.com\/nota\/wp-json\/wp\/v2\/users\/2"}],"replies":[{"embeddable":true,"href":"https:\/\/radiowebmx.com\/nota\/wp-json\/wp\/v2\/comments?post=40228"}],"version-history":[{"count":1,"href":"https:\/\/radiowebmx.com\/nota\/wp-json\/wp\/v2\/posts\/40228\/revisions"}],"predecessor-version":[{"id":40230,"href":"https:\/\/radiowebmx.com\/nota\/wp-json\/wp\/v2\/posts\/40228\/revisions\/40230"}],"wp:featuredmedia":[{"embeddable":true,"href":"https:\/\/radiowebmx.com\/nota\/wp-json\/wp\/v2\/media\/40229"}],"wp:attachment":[{"href":"https:\/\/radiowebmx.com\/nota\/wp-json\/wp\/v2\/media?parent=40228"}],"wp:term":[{"taxonomy":"category","embeddable":true,"href":"https:\/\/radiowebmx.com\/nota\/wp-json\/wp\/v2\/categories?post=40228"},{"taxonomy":"post_tag","embeddable":true,"href":"https:\/\/radiowebmx.com\/nota\/wp-json\/wp\/v2\/tags?post=40228"}],"curies":[{"name":"wp","href":"https:\/\/api.w.org\/{rel}","templated":true}]}}