{"id":40217,"date":"2017-07-14T15:14:38","date_gmt":"2017-07-14T20:14:38","guid":{"rendered":"https:\/\/radiowebmx.com\/nota\/?p=40217"},"modified":"2017-07-17T12:17:21","modified_gmt":"2017-07-17T17:17:21","slug":"se-formulan-estrategias-para-el-desarrollo-de-la-acuacultura-y-pesca-en-michoacan","status":"publish","type":"post","link":"https:\/\/radiowebmx.com\/nota\/se-formulan-estrategias-para-el-desarrollo-de-la-acuacultura-y-pesca-en-michoacan\/","title":{"rendered":"Se formulan estrategias para el desarrollo de la acuacultura y pesca en Michoac\u00e1n"},"content":{"rendered":"<p><a href=\"https:\/\/radiowebmx.com\/nota\/wp-content\/uploads\/2017\/07\/c44a04e2-5fd1-4b98-847d-19a4a8d337f4.jpeg\"><img loading=\"lazy\" decoding=\"async\" class=\"alignnone  wp-image-40219\" src=\"https:\/\/radiowebmx.com\/nota\/wp-content\/uploads\/2017\/07\/c44a04e2-5fd1-4b98-847d-19a4a8d337f4-595x488.jpeg\" alt=\"\" width=\"400\" height=\"328\" srcset=\"https:\/\/radiowebmx.com\/nota\/wp-content\/uploads\/2017\/07\/c44a04e2-5fd1-4b98-847d-19a4a8d337f4-595x488.jpeg 595w, https:\/\/radiowebmx.com\/nota\/wp-content\/uploads\/2017\/07\/c44a04e2-5fd1-4b98-847d-19a4a8d337f4.jpeg 709w\" sizes=\"auto, (max-width: 400px) 100vw, 400px\" \/><\/a><\/p>\n<p>&nbsp;<\/p>\n<p><strong>Morelia, Michoac\u00e1n a 14 de julio de 2017.-\u00a0<\/strong>Con una gran participaci\u00f3n de m\u00e1s de 60 funcionarios del gobierno federal y estatal, acad\u00e9micos e investigadores, dio inicio al taller denominado Formulaci\u00f3n de la Estrategia para el Desarrollo de la Acuacultura y la Pesca, coordinado por la Organizaci\u00f3n de las Naciones Unidas para la Alimentaci\u00f3n y Agricultura (FAO) y la Comisi\u00f3n de Pesca del Estado (Compesca), en el marco de la elaboraci\u00f3n del Plan Rector para el Desarrollo Acu\u00edcola y Pesquero del Estado de Michoac\u00e1n.<\/p>\n<p>A trav\u00e9s de este taller, se formular\u00e1n las herramientas para la planificaci\u00f3n, elaboraci\u00f3n y gesti\u00f3n de las pol\u00edticas p\u00fablicas que permitir\u00e1n contribuir al desarrollo integral y sostenible de la acuacultura y la pesca en el Estado, mediante programas transversales interinstitucionales de los tres \u00f3rdenes de Gobierno, se\u00f1al\u00f3 la titular de la Compesca, Larisa M\u00e9ndez B\u00e9jar \u00a0quien al mismo tiempo reconoci\u00f3 la participaci\u00f3n de los funcionarios y acad\u00e9micos en la elaboraci\u00f3n de este importante proyecto.<\/p>\n<p>En este sentido, los secretarios de las \u00a0diversas dependencias, directores, entre otros asistentes, coincidieron en que este proyecto ser\u00e1 pieza clave para incrementar el consumo de pescados y mariscos en ni\u00f1os y j\u00f3venes, pues estos alimentos de la cadena alimenticia coadyuvan al fortalecimiento de su desarrollo en esta etapa de crecimiento.<\/p>\n<p>De igual forma expresaron su respaldo a la Compesca en la elaboraci\u00f3n de este Plan Rector, al manifestar su compromiso en la suma de esfuerzos para implementar las acciones que se generen a partir del mismo.<\/p>\n<p>Durante el taller se cont\u00f3 con la participaci\u00f3n del Consultor de la FAO y Coordinador del Proyecto, Antonio Garza de Yta y \u00a0los Consultores de la FAO, Arturo Chac\u00f3n Torres, Bernardino Hern\u00e1ndez Bola\u00f1os, Pedro Antonio Ulloa Ram\u00edrez y Juan Antonio P\u00e9rez Hern\u00e1ndez, quienes coordinaron mesas de trabajo donde se discutieron cuatro ejes estrat\u00e9gicos: ecosistemas de uso potencial acu\u00edcola y situaci\u00f3n de la acuacultura; ecosistema de uso potencial pesquero y situaci\u00f3n de la pesca; transformaci\u00f3n y mercados de productos pesqueros y acu\u00edcolas y pol\u00edticas, institucionalidad y normativa, y seguridad alimentaria, mismos que abonar\u00e1n a detonar este ambicioso proyecto.<\/p>\n<p>En el evento tambi\u00e9n estuvieron presentes el secretario de Salud en el Estado, El\u00edas Ibarra Torres; el secretario de Educaci\u00f3n en el Estado, Alberto Frutis Sol\u00eds; la directora general del DIF Michoac\u00e1n, Roc\u00edo Beamonte Romero; el subdelegado de Pesca en Michoac\u00e1n, Ferm\u00edn Mart\u00ednez Quijano y el oficial regional superior de Pesca y Acuacultura para Am\u00e9rica Latina y el Caribe de la FAO, Alejandro Flores Nava.<\/p>\n","protected":false},"excerpt":{"rendered":"<p>&nbsp; Morelia, Michoac\u00e1n a 14 de julio de 2017.-\u00a0Con una gran participaci\u00f3n de m\u00e1s de 60 funcionarios del gobierno federal y estatal, acad\u00e9micos e investigadores, dio inicio al taller denominado Formulaci\u00f3n de la Estrategia para el Desarrollo de la Acuacultura y la Pesca, coordinado por la Organizaci\u00f3n de las Naciones Unidas para la Alimentaci\u00f3n y [&hellip;]<\/p>\n","protected":false},"author":2,"featured_media":40218,"comment_status":"closed","ping_status":"closed","sticky":false,"template":"","format":"standard","meta":{"footnotes":""},"categories":[14,3,60],"tags":[],"class_list":["post-40217","post","type-post","status-publish","format-standard","has-post-thumbnail","hentry","category-destacadas","category-gobierno-del-estado-de-michoacan","category-michoacan"],"_links":{"self":[{"href":"https:\/\/radiowebmx.com\/nota\/wp-json\/wp\/v2\/posts\/40217","targetHints":{"allow":["GET"]}}],"collection":[{"href":"https:\/\/radiowebmx.com\/nota\/wp-json\/wp\/v2\/posts"}],"about":[{"href":"https:\/\/radiowebmx.com\/nota\/wp-json\/wp\/v2\/types\/post"}],"author":[{"embeddable":true,"href":"https:\/\/radiowebmx.com\/nota\/wp-json\/wp\/v2\/users\/2"}],"replies":[{"embeddable":true,"href":"https:\/\/radiowebmx.com\/nota\/wp-json\/wp\/v2\/comments?post=40217"}],"version-history":[{"count":1,"href":"https:\/\/radiowebmx.com\/nota\/wp-json\/wp\/v2\/posts\/40217\/revisions"}],"predecessor-version":[{"id":40220,"href":"https:\/\/radiowebmx.com\/nota\/wp-json\/wp\/v2\/posts\/40217\/revisions\/40220"}],"wp:featuredmedia":[{"embeddable":true,"href":"https:\/\/radiowebmx.com\/nota\/wp-json\/wp\/v2\/media\/40218"}],"wp:attachment":[{"href":"https:\/\/radiowebmx.com\/nota\/wp-json\/wp\/v2\/media?parent=40217"}],"wp:term":[{"taxonomy":"category","embeddable":true,"href":"https:\/\/radiowebmx.com\/nota\/wp-json\/wp\/v2\/categories?post=40217"},{"taxonomy":"post_tag","embeddable":true,"href":"https:\/\/radiowebmx.com\/nota\/wp-json\/wp\/v2\/tags?post=40217"}],"curies":[{"name":"wp","href":"https:\/\/api.w.org\/{rel}","templated":true}]}}