{"id":40205,"date":"2017-07-15T11:13:47","date_gmt":"2017-07-15T16:13:47","guid":{"rendered":"https:\/\/radiowebmx.com\/nota\/?p=40205"},"modified":"2017-07-17T11:52:29","modified_gmt":"2017-07-17T16:52:29","slug":"con-puesta-en-marcha-de-caseta-de-vigilancia-alfonso-martinez-encabeza-presidente-en-tu-colonia-en-la-solidaridad","status":"publish","type":"post","link":"https:\/\/radiowebmx.com\/nota\/con-puesta-en-marcha-de-caseta-de-vigilancia-alfonso-martinez-encabeza-presidente-en-tu-colonia-en-la-solidaridad\/","title":{"rendered":"Con puesta en marcha de Caseta de Vigilancia, Alfonso Mart\u00ednez encabeza \u201cPresidente en tu Colonia\u201d en la Solidaridad"},"content":{"rendered":"<ul>\n<li><strong>Destac\u00f3 que para mejorar la seguridad de los morelianos adem\u00e1s se present\u00f3 el Proyecto de Modernizaci\u00f3n del Alumbrado P\u00fablico.<\/strong><\/li>\n<li><\/li>\n<\/ul>\n<div><a href=\"https:\/\/radiowebmx.com\/nota\/wp-content\/uploads\/2017\/07\/222be0f6-0ff2-4989-9fe4-0bb444487e46.jpeg\"><img loading=\"lazy\" decoding=\"async\" class=\"alignnone  wp-image-40207\" src=\"https:\/\/radiowebmx.com\/nota\/wp-content\/uploads\/2017\/07\/222be0f6-0ff2-4989-9fe4-0bb444487e46-595x566.jpeg\" alt=\"\" width=\"400\" height=\"381\" srcset=\"https:\/\/radiowebmx.com\/nota\/wp-content\/uploads\/2017\/07\/222be0f6-0ff2-4989-9fe4-0bb444487e46-595x566.jpeg 595w, https:\/\/radiowebmx.com\/nota\/wp-content\/uploads\/2017\/07\/222be0f6-0ff2-4989-9fe4-0bb444487e46.jpeg 709w\" sizes=\"auto, (max-width: 400px) 100vw, 400px\" \/><\/a><\/div>\n<div><\/div>\n<div>Como parte de la estrategia integral para brindar condiciones de desarrollo y seguridad en la capital michoacana, el Alcalde, Alfonso Mart\u00ednez Alc\u00e1zar, puso en marcha la Caseta de Vigilancia en la colonia Solidaridad, para as\u00ed brindar un servicio mejor y oportuno a los vecinos de esta zona de Morelia.<\/p>\n<p>En el marco de la edici\u00f3n n\u00famero 32 del Programa \u201cPresidente en tu Colonia\u201d y acompa\u00f1ado del S\u00edndico Municipal, Fabio Sistos Rangel; el Secretario de Efectividad e Innovaci\u00f3n Gubernamental, Antonio Plaza Urbina; el encargado del orden, Alberto Reyes Su\u00e1rez, as\u00ed como Secretarios y Directores, Alfonso Mart\u00ednez Alc\u00e1zar, destac\u00f3 la voluntad de su Administraci\u00f3n por dotar de seguridad a todos los rincones del municipio.<\/p>\n<p>Muestra de lo anterior, a\u00f1adi\u00f3, es que no s\u00f3lo se ha trabajado por poner en marcha las casetas de vigilancia en todos los sectores de la ciudad, sino que adem\u00e1s, dijo, se envi\u00f3 al Congreso del Estado una iniciativa para Modernizar el Alumbrado P\u00fablico en la capital michoacana.<\/p>\n<p>&#8220;La seguridad y la iluminaci\u00f3n deficiente, son los principales problemas que nos piden resolver; nos dicen que falta luz y focos, y por eso, presentamos una iniciativa ante el Poder Legislativo para iluminar y prender todo Morelia, pero necesitamos que ustedes nos ayuden a que esto sea una realidad&#8221;, refiri\u00f3 el Presidente Municipal.<\/p>\n<p>En este tenor, record\u00f3 que 1 de cada 3 luminarias en la capital no sirve, de ah\u00ed la importancia de realizar el cambio integral del sistema de alumbrado p\u00fablico, &#8220;no se trata de endeudar al municipio sino de que se pague lo mismo pero con una ciudad iluminada&#8221;, precis\u00f3.<\/p>\n<p>Asimismo, Alfonso Mart\u00ednez, refiri\u00f3 que la intenci\u00f3n del Gobierno Independiente es seguir consolidando la pol\u00edtica de cercan\u00eda con la ciudadan\u00eda, as\u00ed como de emprender acciones m\u00e1s all\u00e1 de un escritorio, &#8220;para nosotros es fundamental escucharlos, atenderlos y darles soluciones&#8221;.<\/p>\n<p>En este lugar, el Jefe de la Comuna Moreliana, plant\u00f3 algunos \u00e1rboles en las inmediaciones de la Unidad Deportiva Solidaridad; hizo la entrega de algunos reconocimientos, as\u00ed como de una silla de ruedas a Mar\u00eda Elena Luna P\u00e9rez.<\/p>\n<p>Es de se\u00f1alar que a la fecha han sido cerca de 15 mil los morelianos atendidos de manera directa en las 32 ediciones de \u201cPresidente en tu Colonia\u201d efectuadas en todo el territorio capitalino.<\/p><\/div>\n","protected":false},"excerpt":{"rendered":"<p>Destac\u00f3 que para mejorar la seguridad de los morelianos adem\u00e1s se present\u00f3 el Proyecto de Modernizaci\u00f3n del Alumbrado P\u00fablico. Como parte de la estrategia integral para brindar condiciones de desarrollo y seguridad en la capital michoacana, el Alcalde, Alfonso Mart\u00ednez Alc\u00e1zar, puso en marcha la Caseta de Vigilancia en la colonia Solidaridad, para as\u00ed brindar [&hellip;]<\/p>\n","protected":false},"author":2,"featured_media":40206,"comment_status":"closed","ping_status":"closed","sticky":false,"template":"","format":"standard","meta":{"footnotes":""},"categories":[14,60,9],"tags":[],"class_list":["post-40205","post","type-post","status-publish","format-standard","has-post-thumbnail","hentry","category-destacadas","category-michoacan","category-morelia"],"_links":{"self":[{"href":"https:\/\/radiowebmx.com\/nota\/wp-json\/wp\/v2\/posts\/40205","targetHints":{"allow":["GET"]}}],"collection":[{"href":"https:\/\/radiowebmx.com\/nota\/wp-json\/wp\/v2\/posts"}],"about":[{"href":"https:\/\/radiowebmx.com\/nota\/wp-json\/wp\/v2\/types\/post"}],"author":[{"embeddable":true,"href":"https:\/\/radiowebmx.com\/nota\/wp-json\/wp\/v2\/users\/2"}],"replies":[{"embeddable":true,"href":"https:\/\/radiowebmx.com\/nota\/wp-json\/wp\/v2\/comments?post=40205"}],"version-history":[{"count":1,"href":"https:\/\/radiowebmx.com\/nota\/wp-json\/wp\/v2\/posts\/40205\/revisions"}],"predecessor-version":[{"id":40208,"href":"https:\/\/radiowebmx.com\/nota\/wp-json\/wp\/v2\/posts\/40205\/revisions\/40208"}],"wp:featuredmedia":[{"embeddable":true,"href":"https:\/\/radiowebmx.com\/nota\/wp-json\/wp\/v2\/media\/40206"}],"wp:attachment":[{"href":"https:\/\/radiowebmx.com\/nota\/wp-json\/wp\/v2\/media?parent=40205"}],"wp:term":[{"taxonomy":"category","embeddable":true,"href":"https:\/\/radiowebmx.com\/nota\/wp-json\/wp\/v2\/categories?post=40205"},{"taxonomy":"post_tag","embeddable":true,"href":"https:\/\/radiowebmx.com\/nota\/wp-json\/wp\/v2\/tags?post=40205"}],"curies":[{"name":"wp","href":"https:\/\/api.w.org\/{rel}","templated":true}]}}