{"id":4018,"date":"2013-09-26T13:02:22","date_gmt":"2013-09-26T18:02:22","guid":{"rendered":"https:\/\/radiowebmx.com\/nota\/?p=4018"},"modified":"2013-09-26T13:02:22","modified_gmt":"2013-09-26T18:02:22","slug":"en-recorrido-por-las-zonas-con-mayores-afectaciones-por-el-fenomeno-natural-manuel-el-delegado-de-la-secretaria-de-desarrollo-social-en-michoacan-victor-silva-y-el-delegado-de-la-secretaria-de-gober","status":"publish","type":"post","link":"https:\/\/radiowebmx.com\/nota\/en-recorrido-por-las-zonas-con-mayores-afectaciones-por-el-fenomeno-natural-manuel-el-delegado-de-la-secretaria-de-desarrollo-social-en-michoacan-victor-silva-y-el-delegado-de-la-secretaria-de-gober\/","title":{"rendered":"En recorrido por las zonas con mayores afectaciones por el fen\u00f3meno natural Manuel, el delegado de la Secretaria de Desarrollo Social en Michoac\u00e1n, V\u00edctor Silva y el delegado de la Secretaria de Gobernaci\u00f3n Rogelio Caballero"},"content":{"rendered":"<p><span style=\"font-family: arial, sans-serif;\"><a href=\"https:\/\/radiowebmx.com\/nota\/wp-content\/uploads\/2013\/09\/la-foto-2-25.09.13.jpg\"><img loading=\"lazy\" decoding=\"async\" class=\"alignleft size-full wp-image-4019\" alt=\"la foto (2) 25.09.13\" src=\"https:\/\/radiowebmx.com\/nota\/wp-content\/uploads\/2013\/09\/la-foto-2-25.09.13.jpg\" width=\"800\" height=\"450\" \/><\/a>En recorrido por las zonas con mayores afectaciones por el\u00a0fen\u00f3meno\u00a0natural Manuel, el delegado de la Secretaria de Desarrollo Social en Michoac\u00e1n, V\u00edctor Silva y el delegado de la Secretaria de Gobernaci\u00f3n Rogelio Caballero, supervisaron el censo que se realiza a cada una de las viviendas afectadas. As\u00ed mismo hicieron entrega de obras de electrificaci\u00f3n, de drenaje sanitario y agua potable por un monto de m\u00e1s de 3.4 millones de pesos.<\/span><\/p>\n<p>V\u00edctor Silva, anunci\u00f3 que se implementar\u00e1 el Programa de Empleo Temporal Inmediato para realizar la limpieza de viviendas y espacios p\u00fablicos da\u00f1ados, acciones que ser\u00e1n realizadas por los pobladores del lugar que en su mayor\u00eda perdieron sus fuentes de empleo al verse da\u00f1ados los cultivos de la regi\u00f3n.<\/p>\n<p>Personal de la Sedesol trabaja para cuantificar los da\u00f1os sufridos en las viviendas, tan s\u00f3lo en Huetamo son cerca de 1150 las personas que perdieron por completo sus casas. Una vez que se conozca a lo que ascienden los da\u00f1os, se proceder\u00e1 a trabajar con los programas de Piso y Muros Firmes, se\u00f1al\u00f3 V\u00edctor Silva.<\/p>\n<p>En la colonia Granjas de Caguero de Huetamo, derivado de la coordinaci\u00f3n entre la presidencia municipal que encabeza Dalia Santana Pineda y la Sedesol, se dio inicio a la introducci\u00f3n de la red de drenaje sanitario para la cual se requiri\u00f3 una inversi\u00f3n superior a los 1.5 millones de pesos.<\/p>\n<p>Ambos delegados, recorrieron la tenencia de Santiago Conguripo, una de las comunidades m\u00e1s azotadas por los efectos de las lluvias en donde se dejo constancia de los da\u00f1os en viviendas y espacios p\u00fablicos, subrayaron que se emplear\u00e1 a los habitantes de la localidad para realizar los trabajos de limpia y reconstrucci\u00f3n.<\/p>\n<p>Continuando con la entrega de recursos dentro del Programa de Desarrollo de Zonas Prioritarias \u00a0en las zonas devastadas por las precipitaciones, en el municipio de San Lucas, la Sedesol Michoac\u00e1n junto al Ayuntamiento de Huetamo, iniciaron la construcci\u00f3n de la red el\u00e9ctrica en la localidad de El Para.<\/p>\n<p>En San Lucas, decimo municipio declarado como zona de desastre natural, ambos delegados acompa\u00f1ado, por el alcalde Miguel Renteria Galarza, visitaron a los damnificados de las comunidades de San Pedrito y La Cuchilla.<\/p>\n<p><span style=\"font-family: arial, sans-serif;\">Para concluir la gira de trabajo por la tierra caliente colindante con el estado de Guerrero, ambos delegados,\u00a0estuvieron\u00a0acompa\u00f1ados por el alcalde de extracci\u00f3n perredista, Jorge Conejo C\u00e1rdenas, con quien dieron el banderazo de arranque a la construcci\u00f3n de la red de agua potable y tanque de almacenamiento en la localidad de El Zapote de los G\u00f3mez.<\/span><\/p>\n<p>Asimismo \u00a0gracias a la inversi\u00f3n conjunta entre el Ayuntamiento y la Sedesol, se dio inicio a los trabajos de electrificaci\u00f3n de la localidad de la Mesa, obras para las cuales el Ayuntamiento de Caracuaro destin\u00f3 231 mil peso, en tanto que la Sedesol participa con 539 mil pesos.<\/p>\n","protected":false},"excerpt":{"rendered":"<p>En recorrido por las zonas con mayores afectaciones por el\u00a0fen\u00f3meno\u00a0natural Manuel, el delegado de la Secretaria de Desarrollo Social en Michoac\u00e1n, V\u00edctor Silva y el delegado de la Secretaria de Gobernaci\u00f3n Rogelio Caballero, supervisaron el censo que se realiza a cada una de las viviendas afectadas. As\u00ed mismo hicieron entrega de obras de electrificaci\u00f3n, de [&hellip;]<\/p>\n","protected":false},"author":1,"featured_media":0,"comment_status":"open","ping_status":"open","sticky":false,"template":"","format":"standard","meta":{"footnotes":""},"categories":[14,3],"tags":[],"class_list":["post-4018","post","type-post","status-publish","format-standard","hentry","category-destacadas","category-gobierno-del-estado-de-michoacan"],"_links":{"self":[{"href":"https:\/\/radiowebmx.com\/nota\/wp-json\/wp\/v2\/posts\/4018","targetHints":{"allow":["GET"]}}],"collection":[{"href":"https:\/\/radiowebmx.com\/nota\/wp-json\/wp\/v2\/posts"}],"about":[{"href":"https:\/\/radiowebmx.com\/nota\/wp-json\/wp\/v2\/types\/post"}],"author":[{"embeddable":true,"href":"https:\/\/radiowebmx.com\/nota\/wp-json\/wp\/v2\/users\/1"}],"replies":[{"embeddable":true,"href":"https:\/\/radiowebmx.com\/nota\/wp-json\/wp\/v2\/comments?post=4018"}],"version-history":[{"count":1,"href":"https:\/\/radiowebmx.com\/nota\/wp-json\/wp\/v2\/posts\/4018\/revisions"}],"predecessor-version":[{"id":4020,"href":"https:\/\/radiowebmx.com\/nota\/wp-json\/wp\/v2\/posts\/4018\/revisions\/4020"}],"wp:attachment":[{"href":"https:\/\/radiowebmx.com\/nota\/wp-json\/wp\/v2\/media?parent=4018"}],"wp:term":[{"taxonomy":"category","embeddable":true,"href":"https:\/\/radiowebmx.com\/nota\/wp-json\/wp\/v2\/categories?post=4018"},{"taxonomy":"post_tag","embeddable":true,"href":"https:\/\/radiowebmx.com\/nota\/wp-json\/wp\/v2\/tags?post=4018"}],"curies":[{"name":"wp","href":"https:\/\/api.w.org\/{rel}","templated":true}]}}