{"id":40168,"date":"2017-07-15T18:59:39","date_gmt":"2017-07-15T23:59:39","guid":{"rendered":"https:\/\/radiowebmx.com\/nota\/?p=40168"},"modified":"2017-07-17T11:10:51","modified_gmt":"2017-07-17T16:10:51","slug":"emprende-secretaria-de-desarrollo-metropolitano-e-infraestructura-brigada-de-bacheo-y-limpieza","status":"publish","type":"post","link":"https:\/\/radiowebmx.com\/nota\/emprende-secretaria-de-desarrollo-metropolitano-e-infraestructura-brigada-de-bacheo-y-limpieza\/","title":{"rendered":"Emprende Secretar\u00eda de Desarrollo Metropolitano e Infraestructura brigada de bacheo y limpieza"},"content":{"rendered":"<ul>\n<li><strong>Es la tercera jornada especial de limpieza y bacheo que hacen en conjunto Gobierno Municipal y empleados municipales.<\/strong><\/li>\n<li><strong>300 trabajadores y 10 brigadas con 30 personas participaron en 10 zonas de la ciudad.<\/strong><\/li>\n<\/ul>\n<p><a href=\"https:\/\/radiowebmx.com\/nota\/wp-content\/uploads\/2017\/07\/0d83e53b-56d1-4bab-9114-0e00f4625cba.jpeg\"><img loading=\"lazy\" decoding=\"async\" class=\"alignnone  wp-image-40170\" src=\"https:\/\/radiowebmx.com\/nota\/wp-content\/uploads\/2017\/07\/0d83e53b-56d1-4bab-9114-0e00f4625cba-595x760.jpeg\" alt=\"\" width=\"400\" height=\"511\" srcset=\"https:\/\/radiowebmx.com\/nota\/wp-content\/uploads\/2017\/07\/0d83e53b-56d1-4bab-9114-0e00f4625cba-595x760.jpeg 595w, https:\/\/radiowebmx.com\/nota\/wp-content\/uploads\/2017\/07\/0d83e53b-56d1-4bab-9114-0e00f4625cba.jpeg 709w\" sizes=\"auto, (max-width: 400px) 100vw, 400px\" \/><\/a><\/p>\n<p>&nbsp;<\/p>\n<div>Con la finalidad de atender las solicitudes de la ciudadan\u00eda respecto al mejoramiento de vialidades para que el flujo vehicular sea eficaz en calles y avenidas sin baches ni basura, la Secretar\u00eda de Desarrollo Metropolitano e Infraestructura en apoyo con empleados municipales realizaron una tercera jornada en 10 zonas de la ciudad.<\/p>\n<p>El encargado de la ejecuci\u00f3n y supervisi\u00f3n de obra p\u00fablica del municipio, Juan Fernando Sosa Tapia inform\u00f3 que las colonias en las que se realizaron estas acciones, fueron: Manantiales, L\u00f3pez Mateos, Agua Clara, Centro, Ju\u00e1rez, Hacienda Tin\u00edjaro del Sector Independencia; La Colina y 4 de Marzo del Sector Rep\u00fablica; Mariel y la Aldea del Sector Revoluci\u00f3n.<\/p>\n<p>Sosa Tapia expres\u00f3 que la importancia de estas actividades radica en generar conciencia en la ciudadan\u00eda de no tirar basura a las calles, y participar con las autoridades municipales en la atenci\u00f3n a las necesidades de su entorno inmediato para acceder a una mejor calidad de vida.<\/p>\n<p>Es importante resaltar que las brigadas de limpieza atendieron tambi\u00e9n las vialidades: Avenida Solidaridad, Boulevard Garc\u00eda de Le\u00f3n, Boulevard Sans\u00f3n Flores y Arriaga Rivera.<\/p>\n<p>De esta forma, el Gobierno Municipal y trabajadores municipales pertenecientes al Sindicato de Empleados Municipales Administrativos y Conexos de la ciudad (SEMACM) se suman a estas actividades denominadas\u00a0 \u201cPor una Morelia limpia y sin baches\u201d.<\/p><\/div>\n","protected":false},"excerpt":{"rendered":"<p>Es la tercera jornada especial de limpieza y bacheo que hacen en conjunto Gobierno Municipal y empleados municipales. 300 trabajadores y 10 brigadas con 30 personas participaron en 10 zonas de la ciudad. &nbsp; Con la finalidad de atender las solicitudes de la ciudadan\u00eda respecto al mejoramiento de vialidades para que el flujo vehicular sea [&hellip;]<\/p>\n","protected":false},"author":2,"featured_media":40169,"comment_status":"closed","ping_status":"closed","sticky":false,"template":"","format":"standard","meta":{"footnotes":""},"categories":[14,60,9],"tags":[],"class_list":["post-40168","post","type-post","status-publish","format-standard","has-post-thumbnail","hentry","category-destacadas","category-michoacan","category-morelia"],"_links":{"self":[{"href":"https:\/\/radiowebmx.com\/nota\/wp-json\/wp\/v2\/posts\/40168","targetHints":{"allow":["GET"]}}],"collection":[{"href":"https:\/\/radiowebmx.com\/nota\/wp-json\/wp\/v2\/posts"}],"about":[{"href":"https:\/\/radiowebmx.com\/nota\/wp-json\/wp\/v2\/types\/post"}],"author":[{"embeddable":true,"href":"https:\/\/radiowebmx.com\/nota\/wp-json\/wp\/v2\/users\/2"}],"replies":[{"embeddable":true,"href":"https:\/\/radiowebmx.com\/nota\/wp-json\/wp\/v2\/comments?post=40168"}],"version-history":[{"count":1,"href":"https:\/\/radiowebmx.com\/nota\/wp-json\/wp\/v2\/posts\/40168\/revisions"}],"predecessor-version":[{"id":40171,"href":"https:\/\/radiowebmx.com\/nota\/wp-json\/wp\/v2\/posts\/40168\/revisions\/40171"}],"wp:featuredmedia":[{"embeddable":true,"href":"https:\/\/radiowebmx.com\/nota\/wp-json\/wp\/v2\/media\/40169"}],"wp:attachment":[{"href":"https:\/\/radiowebmx.com\/nota\/wp-json\/wp\/v2\/media?parent=40168"}],"wp:term":[{"taxonomy":"category","embeddable":true,"href":"https:\/\/radiowebmx.com\/nota\/wp-json\/wp\/v2\/categories?post=40168"},{"taxonomy":"post_tag","embeddable":true,"href":"https:\/\/radiowebmx.com\/nota\/wp-json\/wp\/v2\/tags?post=40168"}],"curies":[{"name":"wp","href":"https:\/\/api.w.org\/{rel}","templated":true}]}}