{"id":4015,"date":"2013-09-26T12:57:08","date_gmt":"2013-09-26T17:57:08","guid":{"rendered":"https:\/\/radiowebmx.com\/nota\/?p=4015"},"modified":"2013-09-26T12:57:08","modified_gmt":"2013-09-26T17:57:08","slug":"la-educacion-medio-que-nos-da-valores-para-ser-libres-jsa","status":"publish","type":"post","link":"https:\/\/radiowebmx.com\/nota\/la-educacion-medio-que-nos-da-valores-para-ser-libres-jsa\/","title":{"rendered":"LA EDUCACI\u00d3N, MEDIO QUE NOS DA VALORES  PARA SER LIBRES: JSA"},"content":{"rendered":"<p><a href=\"https:\/\/radiowebmx.com\/nota\/wp-content\/uploads\/2013\/09\/4Q4A9896.jpg\"><img loading=\"lazy\" decoding=\"async\" class=\"alignleft size-full wp-image-4016\" alt=\"4Q4A9896\" src=\"https:\/\/radiowebmx.com\/nota\/wp-content\/uploads\/2013\/09\/4Q4A9896.jpg\" width=\"591\" height=\"273\" \/><\/a>El mejor medio para defender la independencia es la educaci\u00f3n que nos da valores y conocimientos para ser libres en cualquier momento, as\u00ed lo expuso J. Jes\u00fas Sierra Arias, secretario de Educaci\u00f3n en Michoac\u00e1n, durante el acto c\u00edvico alusivo al CXCII Aniversario de la Consumaci\u00f3n de la Independencia Nacional, realizado en el Jard\u00edn Morelos en donde se present\u00f3 al Coro de Infantes de esta instituci\u00f3n.<\/p>\n<p>En su participaci\u00f3n, el funcionario estatal al referir que la patria y la independencia son un sue\u00f1o que debemos ir cultivando, expres\u00f3 que la educaci\u00f3n nos da elementos para tomar decisiones y emitir argumentos.<\/p>\n<p>Ante la presencia del s\u00edndico de Morelia, Salvador Abud Mirabent; de Ciro Artemio Constantino \u00c1lvarez, director de Educaci\u00f3n Art\u00edstica y Desarrollo Cultural, as\u00ed como de autoridades de la SEE, Jes\u00fas Sierra destac\u00f3 que en la actualidad como en el pasado, los michoacanos siempre han estado presentes en los procesos hist\u00f3ricos nacionales, como sucedi\u00f3 con la Independencia de M\u00e9xico con la creaci\u00f3n de los Sentimientos de la Naci\u00f3n de Jos\u00e9 Ma. Morelos y Pav\u00f3n.<\/p>\n<p>Por lo anterior, especific\u00f3 que hoy se necesita reconocer que somos distintos, plurales y respetar a cada uno de ellos. \u201cLa tolerancia y la pluralidad son signo de la democracia\u201d.<\/p>\n<p>Tambi\u00e9n convoc\u00f3 a los asistentes a asumir las responsabilidades de su competencia en el contexto hist\u00f3rico que vivimos.<\/p>\n<p>\u201cAs\u00ed como nuestros padres se preocuparon por nosotros, hoy nosotros tenemos que asumir el compromiso hist\u00f3rico en el que nos encontramos, tomarlo con decisi\u00f3n y entereza para poder decir al final de nuestra vida que cumplimos como personas, como padres, como servidores p\u00fablicos y como profesionistas. Hagamos lo que nos corresponde hacer para que ese sue\u00f1o que es la independencia se mantenga inalterable\u201d.<\/p>\n<p>En su momento, el director de Educaci\u00f3n Art\u00edstica y Desarrollo Cultural, Ciro Artemio Constantino hizo una referencia hist\u00f3rica y enfatiz\u00f3 la importancia de la consumaci\u00f3n de la Independencia.<\/p>\n","protected":false},"excerpt":{"rendered":"<p>El mejor medio para defender la independencia es la educaci\u00f3n que nos da valores y conocimientos para ser libres en cualquier momento, as\u00ed lo expuso J. Jes\u00fas Sierra Arias, secretario de Educaci\u00f3n en Michoac\u00e1n,<\/p>\n","protected":false},"author":1,"featured_media":0,"comment_status":"open","ping_status":"open","sticky":false,"template":"","format":"standard","meta":{"footnotes":""},"categories":[14,3],"tags":[],"class_list":["post-4015","post","type-post","status-publish","format-standard","hentry","category-destacadas","category-gobierno-del-estado-de-michoacan"],"_links":{"self":[{"href":"https:\/\/radiowebmx.com\/nota\/wp-json\/wp\/v2\/posts\/4015","targetHints":{"allow":["GET"]}}],"collection":[{"href":"https:\/\/radiowebmx.com\/nota\/wp-json\/wp\/v2\/posts"}],"about":[{"href":"https:\/\/radiowebmx.com\/nota\/wp-json\/wp\/v2\/types\/post"}],"author":[{"embeddable":true,"href":"https:\/\/radiowebmx.com\/nota\/wp-json\/wp\/v2\/users\/1"}],"replies":[{"embeddable":true,"href":"https:\/\/radiowebmx.com\/nota\/wp-json\/wp\/v2\/comments?post=4015"}],"version-history":[{"count":1,"href":"https:\/\/radiowebmx.com\/nota\/wp-json\/wp\/v2\/posts\/4015\/revisions"}],"predecessor-version":[{"id":4017,"href":"https:\/\/radiowebmx.com\/nota\/wp-json\/wp\/v2\/posts\/4015\/revisions\/4017"}],"wp:attachment":[{"href":"https:\/\/radiowebmx.com\/nota\/wp-json\/wp\/v2\/media?parent=4015"}],"wp:term":[{"taxonomy":"category","embeddable":true,"href":"https:\/\/radiowebmx.com\/nota\/wp-json\/wp\/v2\/categories?post=4015"},{"taxonomy":"post_tag","embeddable":true,"href":"https:\/\/radiowebmx.com\/nota\/wp-json\/wp\/v2\/tags?post=4015"}],"curies":[{"name":"wp","href":"https:\/\/api.w.org\/{rel}","templated":true}]}}