{"id":40103,"date":"2017-07-14T13:46:36","date_gmt":"2017-07-14T18:46:36","guid":{"rendered":"https:\/\/radiowebmx.com\/nota\/?p=40103"},"modified":"2017-07-14T14:43:21","modified_gmt":"2017-07-14T19:43:21","slug":"fortalece-proam-programa-de-reforestacion-2017","status":"publish","type":"post","link":"https:\/\/radiowebmx.com\/nota\/fortalece-proam-programa-de-reforestacion-2017\/","title":{"rendered":"Fortalece ProAm programa de Reforestaci\u00f3n 2017"},"content":{"rendered":"<ul>\n<li><strong>En coordinaci\u00f3n con el corporativo Tres Mar\u00edas, reforestan 300 pinos lawsonii en Ca\u00f1adas del Bosque.<\/strong><\/li>\n<\/ul>\n<p><strong>Morelia, Michoac\u00e1n a 14 de julio de 2017.-\u00a0<\/strong>\u00a0Con el objetivo de concientizar a la ciudadan\u00eda sobre el cuidado del medio ambiente, la Procuradur\u00eda de Protecci\u00f3n al Ambiente (ProAm) y la Comisi\u00f3n Forestal del Estado de Michoac\u00e1n (Cofom) reforestaron dos hect\u00e1reas del Fraccionamiento Ca\u00f1adas del Bosque.<br \/>\n<a href=\"https:\/\/radiowebmx.com\/nota\/wp-content\/uploads\/2017\/07\/20d90c39-6b45-4ce8-a473-06f41a3c9606.jpeg\"><img loading=\"lazy\" decoding=\"async\" class=\"alignnone size-medium wp-image-40106\" src=\"https:\/\/radiowebmx.com\/nota\/wp-content\/uploads\/2017\/07\/20d90c39-6b45-4ce8-a473-06f41a3c9606-595x631.jpeg\" alt=\"\" width=\"595\" height=\"631\" srcset=\"https:\/\/radiowebmx.com\/nota\/wp-content\/uploads\/2017\/07\/20d90c39-6b45-4ce8-a473-06f41a3c9606-595x631.jpeg 595w, https:\/\/radiowebmx.com\/nota\/wp-content\/uploads\/2017\/07\/20d90c39-6b45-4ce8-a473-06f41a3c9606.jpeg 709w\" sizes=\"auto, (max-width: 595px) 100vw, 595px\" \/><\/a><br \/>\nA decir del Procurador de Protecci\u00f3n al Ambiente, Juan Carlos Vega Sol\u00f3rzano, esta actividad surge de un recorrido realizado hace un mes por la dependencia a su cargo, para vigilar el cumplimiento ambiental en el desarrollo de complejos habitacionales en la zona de Tres Mar\u00edas, en la capital michoacana.<\/p>\n<p>\u201cTenemos un firme compromiso con la protecci\u00f3n al ambiente, pero queremos que la ciudadan\u00eda tambi\u00e9n se \u00a0involucre en el cuidado y protecci\u00f3n de cada uno de los pinos que este d\u00eda vamos a plantar\u201d, asever\u00f3.<\/p>\n<p>Vega Sol\u00f3rzano detall\u00f3 que este ejercicio en el que se plantaron 300 pinos lawsonii, forma parte del programa de \u201cReforestaci\u00f3n 2017\u201d de la ProAm, en el que se colocar\u00e1n 5 mil plantas en los municipios de Morelia, \u00c1lvaro Obreg\u00f3n, Cuitzeo, Quer\u00e9ndaro y Tzintzuntzan en actividades posteriores.<\/p>\n<p>A\u00f1adi\u00f3 que adem\u00e1s de generar conciencia, con este programa se pretende mejorar la calidad del aire en Morelia y la zona conurbada, as\u00ed como nutrir los mantos acu\u00edferos.<\/p>\n<p>Por su parte, el gerente del corporativo Tres Mar\u00edas, Javier Olavarrieta se comprometi\u00f3 a cuidar y mantener los \u00e1rboles junto con los colonos de este fraccionamiento, para formar una importante \u00e1rea verde.<\/p>\n<p>En este evento se cont\u00f3 con la participaci\u00f3n de 30 personas del corporativo Tres Mar\u00edas, habitantes del fraccionamiento Ca\u00f1adas del Bosque y personal de la Procuradur\u00eda de Protecci\u00f3n al Ambiente.<\/p>\n","protected":false},"excerpt":{"rendered":"<p>En coordinaci\u00f3n con el corporativo Tres Mar\u00edas, reforestan 300 pinos lawsonii en Ca\u00f1adas del Bosque. Morelia, Michoac\u00e1n a 14 de julio de 2017.-\u00a0\u00a0Con el objetivo de concientizar a la ciudadan\u00eda sobre el cuidado del medio ambiente, la Procuradur\u00eda de Protecci\u00f3n al Ambiente (ProAm) y la Comisi\u00f3n Forestal del Estado de Michoac\u00e1n (Cofom) reforestaron dos hect\u00e1reas [&hellip;]<\/p>\n","protected":false},"author":2,"featured_media":40104,"comment_status":"closed","ping_status":"closed","sticky":false,"template":"","format":"standard","meta":{"footnotes":""},"categories":[14,3,60],"tags":[],"class_list":["post-40103","post","type-post","status-publish","format-standard","has-post-thumbnail","hentry","category-destacadas","category-gobierno-del-estado-de-michoacan","category-michoacan"],"_links":{"self":[{"href":"https:\/\/radiowebmx.com\/nota\/wp-json\/wp\/v2\/posts\/40103","targetHints":{"allow":["GET"]}}],"collection":[{"href":"https:\/\/radiowebmx.com\/nota\/wp-json\/wp\/v2\/posts"}],"about":[{"href":"https:\/\/radiowebmx.com\/nota\/wp-json\/wp\/v2\/types\/post"}],"author":[{"embeddable":true,"href":"https:\/\/radiowebmx.com\/nota\/wp-json\/wp\/v2\/users\/2"}],"replies":[{"embeddable":true,"href":"https:\/\/radiowebmx.com\/nota\/wp-json\/wp\/v2\/comments?post=40103"}],"version-history":[{"count":2,"href":"https:\/\/radiowebmx.com\/nota\/wp-json\/wp\/v2\/posts\/40103\/revisions"}],"predecessor-version":[{"id":40108,"href":"https:\/\/radiowebmx.com\/nota\/wp-json\/wp\/v2\/posts\/40103\/revisions\/40108"}],"wp:featuredmedia":[{"embeddable":true,"href":"https:\/\/radiowebmx.com\/nota\/wp-json\/wp\/v2\/media\/40104"}],"wp:attachment":[{"href":"https:\/\/radiowebmx.com\/nota\/wp-json\/wp\/v2\/media?parent=40103"}],"wp:term":[{"taxonomy":"category","embeddable":true,"href":"https:\/\/radiowebmx.com\/nota\/wp-json\/wp\/v2\/categories?post=40103"},{"taxonomy":"post_tag","embeddable":true,"href":"https:\/\/radiowebmx.com\/nota\/wp-json\/wp\/v2\/tags?post=40103"}],"curies":[{"name":"wp","href":"https:\/\/api.w.org\/{rel}","templated":true}]}}