{"id":40100,"date":"2017-07-14T13:36:00","date_gmt":"2017-07-14T18:36:00","guid":{"rendered":"https:\/\/radiowebmx.com\/nota\/?p=40100"},"modified":"2017-07-14T14:40:26","modified_gmt":"2017-07-14T19:40:26","slug":"inician-trabajos-en-nuevos-puntos-sobre-avenida-solidaridad","status":"publish","type":"post","link":"https:\/\/radiowebmx.com\/nota\/inician-trabajos-en-nuevos-puntos-sobre-avenida-solidaridad\/","title":{"rendered":"Inician trabajos en nuevos puntos sobre Avenida Solidaridad"},"content":{"rendered":"<ul>\n<li><strong>La vialidad estar\u00e1 cerrada al tr\u00e1nsito vehicular por obras de conexi\u00f3n de tuber\u00edas en el sentido Oriente-Poniente.<\/strong><\/li>\n<li><strong>Solidaridad estar\u00e1 con cortes al flujo vehicular desde Morelos hasta la calle Tecu\u00e9n, desde este viernes 14 hasta el pr\u00f3ximo martes 18 de julio.<\/strong><\/li>\n<\/ul>\n<p>&nbsp;<\/p>\n<div>Con el prop\u00f3sito de atender de manera integral la red pluvial y de drenaje de la ciudad, el Ayuntamiento de Morelia a trav\u00e9s de la Secretar\u00eda de Desarrollo Metropolitano e Infraestructura, inici\u00f3 labores este viernes sobre la vialidad Solidaridad desde su cruce con Avenida Morelos Sur hasta la calle Tecu\u00e9n, (incluye el cruce Solidaridad, Virrey de Mendoza), por lo cual mantendr\u00e1n cerrado el paso vehicular en este tramo.<\/p>\n<p>El funcionario municipal encargado de esta dependencia municipal ejecutora de esta obra p\u00fablica, Juan Fernando Sosa Tapia detall\u00f3 que las acciones a realizar en este tramo, ser\u00e1 la conexi\u00f3n de tuber\u00edas de drenaje.<\/p>\n<p>De esta manera, el Secretario de Desarrollo Metropolitano e Infraestructura de Morelia record\u00f3 que estos cortes a la circulaci\u00f3n son temporales no obstante los beneficios ser\u00e1n permanentes, gracias a la intervenci\u00f3n en la zona que forma parte de edificaciones como el Colector Sanitario Madrina margen izquierdo y el Parque Lineal del R\u00edo Chiquito.<\/p>\n<p>Sosa Tapia trajo a cuenta que el personal a su cargo trabaja a conciencia y comprometidos\u00a0 para entregar una obra en beneficio de miles de morelianos que transiten por la zona, ya sea al caminar, al trasladarse en sus veh\u00edculos o simplemente los vecinos al salir a la calle.<\/p>\n<p>De esta manera, el encargado de la supervisi\u00f3n y ejecuci\u00f3n de la obra p\u00fablica en el municipio asegur\u00f3 que cada una de las acciones que se realiza en el municipio ser\u00e1 vigilada para que cumpla con las especificaciones que permitan una perdurabilidad de las construcciones.<\/p><\/div>\n","protected":false},"excerpt":{"rendered":"<p>La vialidad estar\u00e1 cerrada al tr\u00e1nsito vehicular por obras de conexi\u00f3n de tuber\u00edas en el sentido Oriente-Poniente. Solidaridad estar\u00e1 con cortes al flujo vehicular desde Morelos hasta la calle Tecu\u00e9n, desde este viernes 14 hasta el pr\u00f3ximo martes 18 de julio. &nbsp; Con el prop\u00f3sito de atender de manera integral la red pluvial y de [&hellip;]<\/p>\n","protected":false},"author":2,"featured_media":40101,"comment_status":"closed","ping_status":"closed","sticky":false,"template":"","format":"standard","meta":{"footnotes":""},"categories":[14,60,9],"tags":[],"class_list":["post-40100","post","type-post","status-publish","format-standard","has-post-thumbnail","hentry","category-destacadas","category-michoacan","category-morelia"],"_links":{"self":[{"href":"https:\/\/radiowebmx.com\/nota\/wp-json\/wp\/v2\/posts\/40100","targetHints":{"allow":["GET"]}}],"collection":[{"href":"https:\/\/radiowebmx.com\/nota\/wp-json\/wp\/v2\/posts"}],"about":[{"href":"https:\/\/radiowebmx.com\/nota\/wp-json\/wp\/v2\/types\/post"}],"author":[{"embeddable":true,"href":"https:\/\/radiowebmx.com\/nota\/wp-json\/wp\/v2\/users\/2"}],"replies":[{"embeddable":true,"href":"https:\/\/radiowebmx.com\/nota\/wp-json\/wp\/v2\/comments?post=40100"}],"version-history":[{"count":1,"href":"https:\/\/radiowebmx.com\/nota\/wp-json\/wp\/v2\/posts\/40100\/revisions"}],"predecessor-version":[{"id":40102,"href":"https:\/\/radiowebmx.com\/nota\/wp-json\/wp\/v2\/posts\/40100\/revisions\/40102"}],"wp:featuredmedia":[{"embeddable":true,"href":"https:\/\/radiowebmx.com\/nota\/wp-json\/wp\/v2\/media\/40101"}],"wp:attachment":[{"href":"https:\/\/radiowebmx.com\/nota\/wp-json\/wp\/v2\/media?parent=40100"}],"wp:term":[{"taxonomy":"category","embeddable":true,"href":"https:\/\/radiowebmx.com\/nota\/wp-json\/wp\/v2\/categories?post=40100"},{"taxonomy":"post_tag","embeddable":true,"href":"https:\/\/radiowebmx.com\/nota\/wp-json\/wp\/v2\/tags?post=40100"}],"curies":[{"name":"wp","href":"https:\/\/api.w.org\/{rel}","templated":true}]}}